{"id":575,"date":"2014-09-04T11:38:16","date_gmt":"2014-09-04T10:38:16","guid":{"rendered":"http:\/\/www.bautagebuch.kristin-und-sebastian.de\/?p=575"},"modified":"2015-07-11T22:23:58","modified_gmt":"2015-07-11T21:23:58","slug":"aus-dem-grundofen-wird-nun-ein-kaminofen","status":"publish","type":"post","link":"http:\/\/www.bautagebuch.kristin-und-sebastian.de\/?p=575","title":{"rendered":"Aus dem Grundofen wird nun ein Kaminofen"},"content":{"rendered":"<p>Nach dem ganzen hin und her mit Planung unserer Feuerstelle, haben wir nun eine\u00a0 endg\u00fcltige Entscheidung getroffen. Wir haben uns f\u00fcr den\u00a0HARK 17 NHGT Ecoplus in Speckstein entschieden.<\/p>\n<h1><a href=\"http:\/\/www.bautagebuch.kristin-und-sebastian.de\/wordpress\/wp-content\/uploads\/2014\/09\/HARK-17-NHGT-Ecoplus.jpg\"><img loading=\"lazy\" decoding=\"async\" class=\"aligncenter size-full wp-image-670\" src=\"http:\/\/www.bautagebuch.kristin-und-sebastian.de\/wordpress\/wp-content\/uploads\/2014\/09\/HARK-17-NHGT-Ecoplus.jpg\" alt=\"HARK 17 NHGT Ecoplus\" width=\"419\" height=\"570\" srcset=\"http:\/\/www.bautagebuch.kristin-und-sebastian.de\/wordpress\/wp-content\/uploads\/2014\/09\/HARK-17-NHGT-Ecoplus.jpg 419w, http:\/\/www.bautagebuch.kristin-und-sebastian.de\/wordpress\/wp-content\/uploads\/2014\/09\/HARK-17-NHGT-Ecoplus-220x300.jpg 220w\" sizes=\"auto, (max-width: 419px) 100vw, 419px\" \/><\/a><\/h1>\n<p>Der Grund f\u00fcr die Entscheidung war haupts\u00e4chlich der Preis. Die Angebote verschiedender Ofenbauer lagen f\u00fcr den Bau eines Grundofens bei mindestens 10000 \u20ac zuz\u00fcglich 3000 \u20ac f\u00fcr Kacheln. Das Kosten-Nutzen-Verh\u00e4ltnis ist bei 13000 \u20ac f\u00fcr einen 1,5 m\u00b3 gro\u00dfen Grundofen nicht ausgeglichen. Die Differenz zu einem einfachen aber hocheffektiven Kaminofen betr\u00e4gt mehr als 10000 \u20ac. Dieser Betrag kann durch den Vorteil eines Grundofens innerhalb eines Menschenlebens nicht eingespart werden. Somit ist ein Grundofen nur aus optischen Gr\u00fcnden vorzuziehen oder wenn man auf eine andere Heizquelle komplett verzichten kann oder muss.<\/p>\n<p>Der HARK 17 NHGT ECOplus und sowie Hark Kaminofen 63 GT ECOplus lassen sich sehr gut in einer Ecke platzieren. Das fast identische Model 43 GT ECOplus ist eher f\u00fcr einen Platz an einer geraden Wand gedacht. Die Specksteinummantelung speichert im Gegensatz zu Naturstein oder Kacheln am meisten W\u00e4rmeenergie. Die Optik ist aber Geschmackssache. Der Kaminofen ist raumluftabh\u00e4ngig (aber laut Aussage des H\u00e4ndlers nur minimal), die Verbennungsluft wird automatisch geregelt und zugef\u00fchrt, die Abgasnormen werden mehr als erf\u00fcllt und der Kaminofen besitzt eine Dauerbrandfunktion. Hierbei wird die Luft so geregelt, dass die Glut \u00fcber mehrere Stunden (selbst \u00fcber Nacht) erhalten bleibt und W\u00e4rme liefert.<\/p>\n<p>\u00dcbrigens, HARK wirbt mit Abgasnormen, die auch in 5-6 Jahren bereits erf\u00fcllt werden. Diese vorgegebenen Normen erf\u00fcllen fast ALLE Kamin\u00f6fen, die aktuell auf dem Markt sind. Auch Modelle f\u00fcr 500\u20ac aus dem Baumarkt. Die Auswahl des Kaminofen f\u00fcr ein neugebautes Eigenheim beschr\u00e4nkt sich demnach auf Optik und Preis. Die Leistung sollte aber auch nicht vernachl\u00e4ssigt werden. Hier gilt die Regel: &#8222;Weniger ist mehr&#8220;!!!! W\u00e4hlen Sie bei neuen Eigenheimen eine geringe Leistung. Die R\u00e4ume sind bereits bei wenig Brenngut in weniger als 30 Minuten \u00fcberheizt. Und Sie rei\u00dfen dann schnell alle T\u00fcren (und eventuell auch Fenster) auf.<\/p>\n<h1>Technische Daten<\/h1>\n<table>\n<tbody>\n<tr class=\"dark\">\n<td><strong>Bauart<\/strong><\/td>\n<td colspan=\"2\"><strong>Mehrfachbelegung zugelassen<\/strong><\/td>\n<\/tr>\n<tr class=\"light\">\n<td>W\u00e4rmeleistungsbereich in kW<\/td>\n<td class=\"bold\">2-5<\/td>\n<td class=\"bold\">4-8<\/td>\n<\/tr>\n<tr class=\"dark\">\n<td>CO-Emmission %<\/td>\n<td>0,07<\/td>\n<td>0,04<\/td>\n<\/tr>\n<tr class=\"light\">\n<td>Abgasmassenstrom g\/s<\/td>\n<td>5,23<\/td>\n<td>5,7<\/td>\n<\/tr>\n<tr class=\"dark\">\n<td>erforderlicher F\u00f6rderdruck mbar<\/td>\n<td>0,12<\/td>\n<td>0,12<\/td>\n<\/tr>\n<tr class=\"light\">\n<td>Abgastemperatur \u00b0C<\/td>\n<td>271<\/td>\n<td>280<\/td>\n<\/tr>\n<tr class=\"dark\">\n<td>Staub mg\/Nm\u00b3<\/td>\n<td>17<\/td>\n<td>15<\/td>\n<\/tr>\n<tr class=\"light\">\n<td>Wirkungsgrad %<\/td>\n<td>86,2<\/td>\n<td>89,06<\/td>\n<\/tr>\n<tr class=\"dark\">\n<td>H\u00f6he in cm<\/td>\n<td colspan=\"2\">123<\/td>\n<\/tr>\n<tr class=\"light\">\n<td>Breite in cm<\/td>\n<td colspan=\"2\">98<\/td>\n<\/tr>\n<tr class=\"dark\">\n<td>Tiefe in cm<\/td>\n<td colspan=\"2\">76<\/td>\n<\/tr>\n<tr class=\"light\">\n<td>Gewicht mit Kachelverkleidung in kg<\/td>\n<td colspan=\"2\">242<\/td>\n<\/tr>\n<tr class=\"dark\">\n<td>Gewicht mit Specksteinverkleidung in kg<\/td>\n<td colspan=\"2\">318<\/td>\n<\/tr>\n<tr class=\"light\">\n<td>Anschlussh\u00f6he hinten in cm<\/td>\n<td colspan=\"2\">102<\/td>\n<\/tr>\n<tr class=\"dark\">\n<td>Anschlussh\u00f6he oben in cm<\/td>\n<td colspan=\"2\">154,5<\/td>\n<\/tr>\n<tr class=\"light\">\n<td>Anschlussh\u00f6he externe Verbrennungsluft in cm<\/td>\n<td colspan=\"2\">23<\/td>\n<\/tr>\n<\/tbody>\n<\/table>\n<h2>Position des Rauch- und Zuluftrohranschlusses<\/h2>\n<p>In unserem und uns zwei weiteren bekannten F\u00e4llen wurde bez\u00fcglich des Rauchrohr- und Zuluftrohranschlusses keine ausreichende Beratung von Team Massivhaus durchgef\u00fchrt. In unserem Fall hat gar KEINE Beratung stattgefunden. Auch auf Nachfrage nicht. Wir haben uns selbst informiert und uns mit den technischen Anforderungen auseinander setzen m\u00fcssen. Der Standort des Kamins sollte unbedingt vor dem Baubeginn festgelegt werden. Der Rauchrohranschluss kann nachtr\u00e4glich nur eingeschr\u00e4nkt ge\u00e4ndert werden. Eine Bohrung in das Keramikrohr kann dieses u.U. besch\u00e4digen und im schlimmsten Fall dazu f\u00fchren, dass der Schornstein wieder abgerissen werden muss. Da eine \u00c4nderung des Rauchrohranschlusses \u00fcber einen eigenen Auftrag durch einen Ofenbauer und nicht durch Team Massivhaus durchgef\u00fchrt werden w\u00fcrde, wird auch keine Gew\u00e4hrleistung von TM \u00fcbernommen. Ein Kaminfachhandel wird Sie hierzu umfangreich informieren.<\/p>\n<p>Rauch- und Zuluftrohranschluss sollten an den zuk\u00fcnftigen Standort des Kamins\u00a0 angepasst werden. Man sollte sich einen sicheren Standort des Kamins aussuchen. Brennbare Gegenst\u00e4nde (z.B. M\u00f6bel, Pflanzen, Dekoration) sollten mindestens 50cm vom Kamin entfernt sein. Der Kamin sollte keine Durchg\u00e4nge versperren. Auch das Rauchrohr sollte weit von Bewegungsbereichen entfernt sein. Bei g\u00e4ngigen Kamin\u00f6fen aus dem Fachhandel ist der Rauchrohranschluss oben und der Zuluftanschluss hinten. Wer ein Haus mit Bel\u00fcftungsanlage baut, ben\u00f6tigt den Zuluftanschluss. Also einen zweizugigen Schornstein. Es gibt selbstverst\u00e4ndlich Alternativen zum zweizugigen Schornstein. Darauf m\u00f6chte ich hier aber nicht eingehen. Das Rauchrohr MUSS bei einem Kamin auf direktem und k\u00fcrzestem Weg zum Schornstein gef\u00fchrt werden. Der Standort des Kamins ist demzufolge vom Schornstein abh\u00e4ngig. Deshalb ist eine gute Planung obligatorisch.<\/p>\n<p>Freunde von uns haben ebenfalls eine schlechte Beratung von Team Massivhaus bez\u00fcglich des Schornsteins bekommen. Bei ihnen ist das Rauchrohr im Bewegungsbereich, da der Rauchrohranschluss an eine ungeeigneten Stelle am Schornstein angebracht wurde. Zwischen Schornstein (Seite Rauchrohranschluss) und Couch ist eine Durchgangsbreite von 90cm. Rauchrohr inklusive Rauchrohrwinkel messen ca. 35-40cm. Demnach bleibt ein &#8222;hei\u00dfer&#8220; Durchgang von 50-55cm.<\/p>\n<p>In einem anderen Fall ist der Zuluftanschluss zu weit vom Kamin entfernt und kann eigentlich gar nicht genutzt werden. Alternativ k\u00f6nnte ein Ofenbauer ein Zuluftrohr oberhalb des Fertigfu\u00dfbodens anbringen und mit einer &#8222;Kastenkonstruktion&#8220; verkleiden. Nicht sch\u00f6n!<\/p>\n<p>Dies w\u00e4re in unserem Fall genauso gewesen.\u00a0Der Standort f\u00fcr unseren Kamin wurde im Erstgespr\u00e4ch und der Planungsabteilung mitgeteilt. TM hat den Schornstein v\u00f6llig falsch eingezeichnet. Die Position des Rauchrohrs war nicht (wie in der folgenden Zeichnung) &#8222;oben&#8220;, sondern nach unten. Richtung T\u00fcr. Wei\u00df ein Laihe sowas? Der Schornstein w\u00e4re so gebaut worden. Uns hat ja niemand vor dem Einbau gefragt, ob wir diesen noch mal drehen m\u00f6chten. Und der Ofenbauer schl\u00e4gt anschlie\u00dfend die H\u00e4nde \u00fcber dem Kopf zusammen. Wir haben in der dritten und letzten Entwurfszeichnung eine Drehung des Schornsteins beauftragt.<\/p>\n<p>Dadurch ist nat\u00fcrlich die Zuluftf\u00fchrung des Schornsteins sehr weit vom Kaminstandort entfernt. Da wir uns \u00fcber die technischen Notwendigkeiten informiert hatten, hatten wir vor dem Einbau des Estrichs in Eigenleistung den Zuluftkanal des Schornsteins angebohrt und von dort 100er KG-Rohr (2x80cm, 4&#215;45\u00b0) zum Ort des Zuluftanschlusses am Kamin gelegt (Siehe Bilder unten). Das KG-Rohr wurde vom Estrichbauer mit D\u00e4mmmaterial &#8222;eingepackt&#8220; und mit Estrich \u00fcberzogen. Ohne diese Verlegung unter dem Estrich, w\u00fcrde der Ofenbauer sp\u00e4ter \u00fcber dem Estrich\/Laminat\/Fliesen ein Zuluftrohr installieren und dieses mit einem Kasten verkleiden. Unsch\u00f6ne und vermeidbare Angelegenheit. Jedenfalls war bei Team Massivhaus leider niemand in der Lage, uns angemessen zu beraten.<a href=\"http:\/\/www.bautagebuch.kristin-und-sebastian.de\/wordpress\/wp-content\/uploads\/2014\/09\/Rauchrohrschluss2.jpg\"><img loading=\"lazy\" decoding=\"async\" class=\"aligncenter size-full wp-image-731\" src=\"http:\/\/www.bautagebuch.kristin-und-sebastian.de\/wordpress\/wp-content\/uploads\/2014\/09\/Rauchrohrschluss2.jpg\" alt=\"Rauchrohranschluss Zuluftrohranschluss zweizugiger Schornstein\" width=\"458\" height=\"467\" srcset=\"http:\/\/www.bautagebuch.kristin-und-sebastian.de\/wordpress\/wp-content\/uploads\/2014\/09\/Rauchrohrschluss2.jpg 458w, http:\/\/www.bautagebuch.kristin-und-sebastian.de\/wordpress\/wp-content\/uploads\/2014\/09\/Rauchrohrschluss2-294x300.jpg 294w\" sizes=\"auto, (max-width: 458px) 100vw, 458px\" \/><\/a><\/p>\n<p>&nbsp;<\/p>\n<p><a href=\"http:\/\/www.bautagebuch.kristin-und-sebastian.de\/wordpress\/wp-content\/uploads\/2014\/09\/SAM_5896.jpg\"><img loading=\"lazy\" decoding=\"async\" class=\"aligncenter size-medium wp-image-577\" src=\"http:\/\/www.bautagebuch.kristin-und-sebastian.de\/wordpress\/wp-content\/uploads\/2014\/09\/SAM_5896-300x199.jpg\" alt=\"Zuluftrohr2\" width=\"300\" height=\"199\" srcset=\"http:\/\/www.bautagebuch.kristin-und-sebastian.de\/wordpress\/wp-content\/uploads\/2014\/09\/SAM_5896-300x199.jpg 300w, http:\/\/www.bautagebuch.kristin-und-sebastian.de\/wordpress\/wp-content\/uploads\/2014\/09\/SAM_5896-1024x681.jpg 1024w, http:\/\/www.bautagebuch.kristin-und-sebastian.de\/wordpress\/wp-content\/uploads\/2014\/09\/SAM_5896-450x300.jpg 450w\" sizes=\"auto, (max-width: 300px) 100vw, 300px\" \/><\/a> <a href=\"http:\/\/www.bautagebuch.kristin-und-sebastian.de\/wordpress\/wp-content\/uploads\/2014\/09\/SAM_5898.jpg\"><img loading=\"lazy\" decoding=\"async\" class=\"aligncenter size-medium wp-image-578\" src=\"http:\/\/www.bautagebuch.kristin-und-sebastian.de\/wordpress\/wp-content\/uploads\/2014\/09\/SAM_5898-300x199.jpg\" alt=\"Zuluftrohr1\" width=\"300\" height=\"199\" srcset=\"http:\/\/www.bautagebuch.kristin-und-sebastian.de\/wordpress\/wp-content\/uploads\/2014\/09\/SAM_5898-300x199.jpg 300w, http:\/\/www.bautagebuch.kristin-und-sebastian.de\/wordpress\/wp-content\/uploads\/2014\/09\/SAM_5898-1024x681.jpg 1024w, http:\/\/www.bautagebuch.kristin-und-sebastian.de\/wordpress\/wp-content\/uploads\/2014\/09\/SAM_5898-450x300.jpg 450w\" sizes=\"auto, (max-width: 300px) 100vw, 300px\" \/><\/a>F\u00fcr die Zuluft zum Kaminofen kann ein handels\u00fcbliches KG-Rohr aus dem Baumarkt\u00a0 verwendet werden, da die Zuluft und der Anschlussbereich am Ofen KEINE Temperaturen \u00fcber 40\u00b0C aufweist. KG-Rohre gasen ab einer Temperatur von 60-65\u00b0C und HT-Rohre ab einer Temperatur ab 110-130\u00b0C. Der Schmelzpunkt beider Materialen liegt weit h\u00f6her. Mit HT-Rohren ist man auf jeden Fall auf der sicheren Seite. 100mm Durchmesser sollte das Rohr haben. Mehr ist besser aber oft nicht m\u00f6glich, weil der Aufbau von D\u00e4mmung (10cm) und Estrich (4-6cm) i.d.R. max. 15cm betr\u00e4gt und somit die Estrichschicht dort zu d\u00fcnn werden w\u00fcrde.<\/p>\n<p>Unser Gutachter hatte uns dazu geraten, \u00fcber der D\u00e4mmschicht (im Estrich) ein d\u00fcnnes Stahlgitter anzubringen. Daraufhin hatten wir an den Stellen des KG-Rohrs ein d\u00fcnnes Stahlgitter (2mm) gelegt, welches vom Estrichbauer eingegossen wurde. Risse sollten hier also ausgeschlossen sein.<\/p>\n<p>War dieser Beitrag eine hilfreiche Information f\u00fcr Dich?<br \/>\n<span id=\"post-ratings-575\" class=\"post-ratings\" data-nonce=\"be6b86a957\"><img decoding=\"async\" id=\"rating_575_1\" src=\"http:\/\/www.bautagebuch.kristin-und-sebastian.de\/wordpress\/wp-content\/plugins\/wp-postratings\/images\/tickcross\/rating_1_half.gif\" alt=\"Vote Down\" title=\"Vote Down\" onmouseover=\"current_rating(575, 1, 'Vote Down');\" onmouseout=\"ratings_off(0.9, 1, 0);\" onclick=\"rate_post();\" onkeypress=\"rate_post();\" style=\"cursor: pointer; border: 0px;\" \/><img decoding=\"async\" id=\"rating_575_2\" src=\"http:\/\/www.bautagebuch.kristin-und-sebastian.de\/wordpress\/wp-content\/plugins\/wp-postratings\/images\/tickcross\/rating_2_off.gif\" alt=\"Vote Up\" title=\"Vote Up\" onmouseover=\"current_rating(575, 2, 'Vote Up');\" onmouseout=\"ratings_off(0.9, 1, 0);\" onclick=\"rate_post();\" onkeypress=\"rate_post();\" style=\"cursor: pointer; border: 0px;\" \/> (<strong>+17<\/strong> rating, <strong>18<\/strong> votes)<br \/><span class=\"post-ratings-text\" id=\"ratings_575_text\"><\/span><\/span><span id=\"post-ratings-575-loading\" class=\"post-ratings-loading\"><img loading=\"lazy\" decoding=\"async\" src=\"http:\/\/www.bautagebuch.kristin-und-sebastian.de\/wordpress\/wp-content\/plugins\/wp-postratings\/images\/loading.gif\" width=\"16\" height=\"16\" class=\"post-ratings-image\" \/>Loading...<\/span>\n","protected":false},"excerpt":{"rendered":"<p>Nach dem ganzen hin und her mit Planung unserer Feuerstelle, haben wir nun eine\u00a0 endg\u00fcltige Entscheidung getroffen. Wir haben uns f\u00fcr den\u00a0HARK 17 NHGT Ecoplus in Speckstein entschieden. Der Grund f\u00fcr die Entscheidung war haupts\u00e4chlich der Preis. Die Angebote verschiedender &hellip; <a href=\"http:\/\/www.bautagebuch.kristin-und-sebastian.de\/?p=575\">Weiterlesen <span class=\"meta-nav\">&rarr;<\/span><\/a><\/p>\n","protected":false},"author":3,"featured_media":0,"comment_status":"closed","ping_status":"closed","sticky":false,"template":"","format":"standard","meta":{"footnotes":""},"categories":[3],"tags":[],"class_list":["post-575","post","type-post","status-publish","format-standard","hentry","category-bautagebuch"],"aioseo_notices":[],"_links":{"self":[{"href":"http:\/\/www.bautagebuch.kristin-und-sebastian.de\/index.php?rest_route=\/wp\/v2\/posts\/575","targetHints":{"allow":["GET"]}}],"collection":[{"href":"http:\/\/www.bautagebuch.kristin-und-sebastian.de\/index.php?rest_route=\/wp\/v2\/posts"}],"about":[{"href":"http:\/\/www.bautagebuch.kristin-und-sebastian.de\/index.php?rest_route=\/wp\/v2\/types\/post"}],"author":[{"embeddable":true,"href":"http:\/\/www.bautagebuch.kristin-und-sebastian.de\/index.php?rest_route=\/wp\/v2\/users\/3"}],"replies":[{"embeddable":true,"href":"http:\/\/www.bautagebuch.kristin-und-sebastian.de\/index.php?rest_route=%2Fwp%2Fv2%2Fcomments&post=575"}],"version-history":[{"count":3,"href":"http:\/\/www.bautagebuch.kristin-und-sebastian.de\/index.php?rest_route=\/wp\/v2\/posts\/575\/revisions"}],"predecessor-version":[{"id":732,"href":"http:\/\/www.bautagebuch.kristin-und-sebastian.de\/index.php?rest_route=\/wp\/v2\/posts\/575\/revisions\/732"}],"wp:attachment":[{"href":"http:\/\/www.bautagebuch.kristin-und-sebastian.de\/index.php?rest_route=%2Fwp%2Fv2%2Fmedia&parent=575"}],"wp:term":[{"taxonomy":"category","embeddable":true,"href":"http:\/\/www.bautagebuch.kristin-und-sebastian.de\/index.php?rest_route=%2Fwp%2Fv2%2Fcategories&post=575"},{"taxonomy":"post_tag","embeddable":true,"href":"http:\/\/www.bautagebuch.kristin-und-sebastian.de\/index.php?rest_route=%2Fwp%2Fv2%2Ftags&post=575"}],"curies":[{"name":"wp","href":"https:\/\/api.w.org\/{rel}","templated":true}]}}