{"id":57,"date":"2013-02-28T15:00:57","date_gmt":"2013-02-28T14:00:57","guid":{"rendered":"http:\/\/www.bautagebuch.kristin-und-sebastian.de\/?p=57"},"modified":"2014-03-22T20:41:03","modified_gmt":"2014-03-22T19:41:03","slug":"grundstueckskauf-entscheidung","status":"publish","type":"post","link":"http:\/\/www.bautagebuch.kristin-und-sebastian.de\/?p=57","title":{"rendered":"Grundst\u00fcckskauf &#8211; Entscheidung"},"content":{"rendered":"<p>Am <strong>28. Januar 2013<\/strong> hatte uns der Grundst\u00fccksverk\u00e4ufer per E-Mail mitgeteilt, dass Grundst\u00fcck Nr. 2, welches wir reserviert hatten, der Stra\u00dfenbaufirma &#8222;Bergemann &amp; Gr\u00e4per&#8220; als \u00dcberfahrt f\u00fcr den Stra\u00dfenbau dient. Es w\u00e4re zwar kein Problem gewesen, dass Grundst\u00fcck Nr. 2 zu reservieren und zu kaufen. Wenn wir jedoch in den n\u00e4chsten Monaten mit dem Bau h\u00e4tten beginnen wollen, w\u00e4re das nicht m\u00f6glich gewesen. Er bot uns deshalb vorzugsweise das Grundst\u00fcck Nr. 3 an und meinte, dass es gleichwertig wie das Grundst\u00fcck Nr. 2 sei.<br \/>\nWir hatten dem Verk\u00e4ufer nochmal mitgeteilt, dass wir eher an Grundst\u00fcck Nr. 2 interessiert sind, dass jedoch Grundst\u00fcck Nr. 3 ebenfalls in Frage kommen w\u00fcrde.<\/p>\n<p>Am <strong>02. Februar<\/strong> hatten wir uns die Grundst\u00fccke nochmal angesehen, wie auch auf den Fotos im vorherigen Beitrag zu sehen ist. Bis zu diesem Tag hatten wir immer noch \u00fcberlegt, ob wir Grundst\u00fcck Nr. 2 nehmen mit dem Wissen, dass wir dieses Jahr (2013) nicht mehr mit dem Bau beginnen k\u00f6nnen. Oder ob wir uns f\u00fcr das aus unserer Sicht etwas schlechter gelegene Grundst\u00fcck Nr. 3 entscheiden sollten, daf\u00fcr aber keine Baubehinderungen h\u00e4tten. Wir kamen zu dem Entschluss, dass die Lage nicht schlechter ist als Grundst\u00fcck Nr. 2. Somit haben wir uns f\u00fcr Grundst\u00fcck Nr. 3 entschieden und dieses am n\u00e4chsten Tag erstmal beim Verk\u00e4ufer reservieren lassen.<\/p>\n<p>Die Entscheidung zog sich hin. In der Woche vom <strong>25.02. &#8211; 01.03.2013<\/strong> haben wir Termine bei Banken und Bauunternehmen vereinbart. Der Grundst\u00fccksverk\u00e4ufer blieb trotzdem geduldig und lie\u00df unsere Grundst\u00fccksreservierung trotz gro\u00dfer Anfragen offen. Am 04. M\u00e4rz erhielten wir vom Notar einen Vertragsentwurf.<\/p>\n<p>Irgendwann zwischen dem <strong>04.03 &#8211; 06.03.2013<\/strong> haben wir unsere Entscheidung zum Kauf und nach Pr\u00fcfung des Notarvertragsentwurfs dann dem Verk\u00e4ufer Herrn J. Hoffmann\u00a0 telefonisch mitgeteilt und den Kauf des Grundst\u00fccks Nr. 3 damit besiegelt.\u00a0 ;-))<\/p>\n","protected":false},"excerpt":{"rendered":"<p>Am 28. Januar 2013 hatte uns der Grundst\u00fccksverk\u00e4ufer per E-Mail mitgeteilt, dass Grundst\u00fcck Nr. 2, welches wir reserviert hatten, der Stra\u00dfenbaufirma &#8222;Bergemann &amp; Gr\u00e4per&#8220; als \u00dcberfahrt f\u00fcr den Stra\u00dfenbau dient. Es w\u00e4re zwar kein Problem gewesen, dass Grundst\u00fcck Nr. 2 &hellip; <a href=\"http:\/\/www.bautagebuch.kristin-und-sebastian.de\/?p=57\">Weiterlesen <span class=\"meta-nav\">&rarr;<\/span><\/a><\/p>\n","protected":false},"author":3,"featured_media":0,"comment_status":"closed","ping_status":"open","sticky":false,"template":"","format":"standard","meta":{"footnotes":""},"categories":[3],"tags":[],"class_list":["post-57","post","type-post","status-publish","format-standard","hentry","category-bautagebuch"],"aioseo_notices":[],"_links":{"self":[{"href":"http:\/\/www.bautagebuch.kristin-und-sebastian.de\/index.php?rest_route=\/wp\/v2\/posts\/57","targetHints":{"allow":["GET"]}}],"collection":[{"href":"http:\/\/www.bautagebuch.kristin-und-sebastian.de\/index.php?rest_route=\/wp\/v2\/posts"}],"about":[{"href":"http:\/\/www.bautagebuch.kristin-und-sebastian.de\/index.php?rest_route=\/wp\/v2\/types\/post"}],"author":[{"embeddable":true,"href":"http:\/\/www.bautagebuch.kristin-und-sebastian.de\/index.php?rest_route=\/wp\/v2\/users\/3"}],"replies":[{"embeddable":true,"href":"http:\/\/www.bautagebuch.kristin-und-sebastian.de\/index.php?rest_route=%2Fwp%2Fv2%2Fcomments&post=57"}],"version-history":[{"count":5,"href":"http:\/\/www.bautagebuch.kristin-und-sebastian.de\/index.php?rest_route=\/wp\/v2\/posts\/57\/revisions"}],"predecessor-version":[{"id":223,"href":"http:\/\/www.bautagebuch.kristin-und-sebastian.de\/index.php?rest_route=\/wp\/v2\/posts\/57\/revisions\/223"}],"wp:attachment":[{"href":"http:\/\/www.bautagebuch.kristin-und-sebastian.de\/index.php?rest_route=%2Fwp%2Fv2%2Fmedia&parent=57"}],"wp:term":[{"taxonomy":"category","embeddable":true,"href":"http:\/\/www.bautagebuch.kristin-und-sebastian.de\/index.php?rest_route=%2Fwp%2Fv2%2Fcategories&post=57"},{"taxonomy":"post_tag","embeddable":true,"href":"http:\/\/www.bautagebuch.kristin-und-sebastian.de\/index.php?rest_route=%2Fwp%2Fv2%2Ftags&post=57"}],"curies":[{"name":"wp","href":"https:\/\/api.w.org\/{rel}","templated":true}]}}