{"id":468,"date":"2014-06-12T13:36:45","date_gmt":"2014-06-12T12:36:45","guid":{"rendered":"http:\/\/www.bautagebuch.kristin-und-sebastian.de\/?p=468"},"modified":"2014-06-12T13:37:04","modified_gmt":"2014-06-12T12:37:04","slug":"erdgeschossdecke-und-dachstuhl","status":"publish","type":"post","link":"http:\/\/www.bautagebuch.kristin-und-sebastian.de\/?p=468","title":{"rendered":"Erdgeschossdecke und Dachstuhl"},"content":{"rendered":"<p>Die Erdgeschossdecke wurde wie vereinbart am 10.06.2014 gegossen. Die Dachsparren k\u00f6nnen nicht rechtzeitig geliefert werden. So verz\u00f6gert sich der Bau des Dachstuhls um 2 Wochen. Termin f\u00fcr die Aufstellung des Dachstuhls ist der 25.06.2014. <\/p>\n<p>In der Zwischenzeit werden wir im Erdgeschoss schon mal die Steckdosen und Lichtschalter anzeichnen und ggf. bohren. Somit haben wir in der Wochen, in der die Elektrik geplant ist, nicht so viel Stress. Ich bin zwar \u00fcberzeugt, dass wir die Vorinstallation in 10 Tagen bew\u00e4ltig kriegen. Aber f\u00fcr einen unge\u00fcbten wird das ein straffer Zeitplan. Deshalb nutzen wir jetzt schon die Zeit f\u00fcr die Vorbereitungen.<\/p>\n<p>Au\u00dferdem werden wir am kommenden Wochenende 13.06.-15.06.2014 die ESM Mauerk\u00e4sten f\u00fcr die Gurtwickler einbauen. Diese wurden heute von der Firma Fiergolla geliefert und werden in Eigenleistung von uns eingebaut. Die Rolll\u00e4den baut jedoch anschlie\u00dfend der Tischler ein.<\/p>\n<p>Weitere Details zum Baufortschritt unter <strong>Bautagebuch &#8211; Baufortschritt<\/strong><\/p>\n","protected":false},"excerpt":{"rendered":"<p>Die Erdgeschossdecke wurde wie vereinbart am 10.06.2014 gegossen. Die Dachsparren k\u00f6nnen nicht rechtzeitig geliefert werden. So verz\u00f6gert sich der Bau des Dachstuhls um 2 Wochen. Termin f\u00fcr die Aufstellung des Dachstuhls ist der 25.06.2014. In der Zwischenzeit werden wir im &hellip; <a href=\"http:\/\/www.bautagebuch.kristin-und-sebastian.de\/?p=468\">Weiterlesen <span class=\"meta-nav\">&rarr;<\/span><\/a><\/p>\n","protected":false},"author":3,"featured_media":0,"comment_status":"closed","ping_status":"closed","sticky":false,"template":"","format":"standard","meta":{"footnotes":""},"categories":[3],"tags":[],"class_list":["post-468","post","type-post","status-publish","format-standard","hentry","category-bautagebuch"],"aioseo_notices":[],"_links":{"self":[{"href":"http:\/\/www.bautagebuch.kristin-und-sebastian.de\/index.php?rest_route=\/wp\/v2\/posts\/468","targetHints":{"allow":["GET"]}}],"collection":[{"href":"http:\/\/www.bautagebuch.kristin-und-sebastian.de\/index.php?rest_route=\/wp\/v2\/posts"}],"about":[{"href":"http:\/\/www.bautagebuch.kristin-und-sebastian.de\/index.php?rest_route=\/wp\/v2\/types\/post"}],"author":[{"embeddable":true,"href":"http:\/\/www.bautagebuch.kristin-und-sebastian.de\/index.php?rest_route=\/wp\/v2\/users\/3"}],"replies":[{"embeddable":true,"href":"http:\/\/www.bautagebuch.kristin-und-sebastian.de\/index.php?rest_route=%2Fwp%2Fv2%2Fcomments&post=468"}],"version-history":[{"count":1,"href":"http:\/\/www.bautagebuch.kristin-und-sebastian.de\/index.php?rest_route=\/wp\/v2\/posts\/468\/revisions"}],"predecessor-version":[{"id":469,"href":"http:\/\/www.bautagebuch.kristin-und-sebastian.de\/index.php?rest_route=\/wp\/v2\/posts\/468\/revisions\/469"}],"wp:attachment":[{"href":"http:\/\/www.bautagebuch.kristin-und-sebastian.de\/index.php?rest_route=%2Fwp%2Fv2%2Fmedia&parent=468"}],"wp:term":[{"taxonomy":"category","embeddable":true,"href":"http:\/\/www.bautagebuch.kristin-und-sebastian.de\/index.php?rest_route=%2Fwp%2Fv2%2Fcategories&post=468"},{"taxonomy":"post_tag","embeddable":true,"href":"http:\/\/www.bautagebuch.kristin-und-sebastian.de\/index.php?rest_route=%2Fwp%2Fv2%2Ftags&post=468"}],"curies":[{"name":"wp","href":"https:\/\/api.w.org\/{rel}","templated":true}]}}