{"id":44,"date":"2013-01-26T14:00:00","date_gmt":"2013-01-26T13:00:00","guid":{"rendered":"http:\/\/www.bautagebuch.kristin-und-sebastian.de\/?p=44"},"modified":"2015-03-30T14:46:40","modified_gmt":"2015-03-30T13:46:40","slug":"grundstuecksbesichtigung-2","status":"publish","type":"post","link":"http:\/\/www.bautagebuch.kristin-und-sebastian.de\/?p=44","title":{"rendered":"Grundst\u00fccksbesichtigung"},"content":{"rendered":"<p>Heute haben wir mit Kristins Eltern und dem Grundst\u00fccksverk\u00e4ufer Herr J. Hoffmann das Grundst\u00fcck in L\u00fcbeck &#8211; Niendorf Moorgarten besichtigt. An diesem Tag war es sehr windig und so kalt, dass das auf der Wiese stehende Wasser gefroren war.<br \/>\nZu Verkaufen waren zu diesem Zeitpunkt noch die Baugrundst\u00fccke 2-6 und 8. In Frage kamen f\u00fcr uns jedoch nur die Baugrundst\u00fccke Nr. 2, 3 und Nr. 7. Nr. 7 hatte jedoch einen nicht gerade attraktiven Baum auf dem Grundst\u00fcck, der leider nicht gef\u00e4llt werden durfte. Das Grundst\u00fcck hat jedoch eine bessere Ausrichtung, da die R\u00fcckseite direkt nach S\u00fcd-Westen zeigt. Au\u00dferdem ist es ca. 75m\u00b2 gr\u00f6\u00dfer. Der Baum war jedoch das Ausschlagskriterium, weshalb wir uns gegen das Grundst\u00fcck Nr. 7 entschieden haben. So blieben nur noch die Grundst\u00fccke an der Niendorfer Hauptstra\u00dfe. Da wir jedoch ein bisschen von den Blicken der Bewohner der Grundst\u00fccke am Niendorfer M\u00fchlenweg gesch\u00fctzt sein wollten, schien f\u00fcr uns das Grundst\u00fcck Nr. 2 ideal.<\/p>\n<p><a href=\"http:\/\/www.bautagebuch.kristin-und-sebastian.de\/wordpress\/wp-content\/uploads\/2014\/02\/009_Grundst\u00fcck\u00fcbersicht.jpg\"><img loading=\"lazy\" decoding=\"async\" class=\" wp-image-45 alignnone\" src=\"http:\/\/www.bautagebuch.kristin-und-sebastian.de\/wordpress\/wp-content\/uploads\/2014\/02\/009_Grundst\u00fcck\u00fcbersicht-723x1024.jpg\" alt=\"Grundst\u00fccksplan\" width=\"584\" height=\"827\" srcset=\"http:\/\/www.bautagebuch.kristin-und-sebastian.de\/wordpress\/wp-content\/uploads\/2014\/02\/009_Grundst\u00fcck\u00fcbersicht-723x1024.jpg 723w, http:\/\/www.bautagebuch.kristin-und-sebastian.de\/wordpress\/wp-content\/uploads\/2014\/02\/009_Grundst\u00fcck\u00fcbersicht-212x300.jpg 212w, http:\/\/www.bautagebuch.kristin-und-sebastian.de\/wordpress\/wp-content\/uploads\/2014\/02\/009_Grundst\u00fcck\u00fcbersicht.jpg 1653w\" sizes=\"auto, (max-width: 584px) 100vw, 584px\" \/><\/a>Das Gespr\u00e4ch mit Herrn Hoffmann war sehr informativ und aufschlussreich. Er berichtete uns von den Erfahrungen mit der Stadt L\u00fcbeck, sowie von den Pl\u00e4nen, die er eigentlich mit den Grundst\u00fccken vor hatte. Er wirkte sehr sympatisch und ehrlich. Er bot uns sogar an die vorgeschriebene Grundst\u00fccksbepflanzung bereit zu stellen. Wir hatten sofort ein gutes Gef\u00fchl trotz des niedrigen Preises (f\u00fcr L\u00fcbecker Verh\u00e4ltnisse) von 98 \u20ac \/ m\u00b2. Der orts\u00fcbliche Preis f\u00fcr Bauland beginnt etwa\u00a0 bei 130 \u20ac \/ m\u00b2.<\/p>\n<p>Die folgenden Bilder wurden bei der 3. Grundst\u00fccksbesichtigung am 2. Februar 2013 aufgenommen.<\/p>\n<div id=\"attachment_48\" style=\"width: 594px\" class=\"wp-caption alignleft\"><a href=\"http:\/\/www.bautagebuch.kristin-und-sebastian.de\/wordpress\/wp-content\/uploads\/2013\/01\/CIMG4038.jpg\"><img loading=\"lazy\" decoding=\"async\" aria-describedby=\"caption-attachment-48\" class=\"size-large wp-image-48\" src=\"http:\/\/www.bautagebuch.kristin-und-sebastian.de\/wordpress\/wp-content\/uploads\/2013\/01\/CIMG4038-1024x768.jpg\" alt=\"Sicht von Grundst\u00fcck Nr. 1\" width=\"584\" height=\"438\" srcset=\"http:\/\/www.bautagebuch.kristin-und-sebastian.de\/wordpress\/wp-content\/uploads\/2013\/01\/CIMG4038-1024x768.jpg 1024w, http:\/\/www.bautagebuch.kristin-und-sebastian.de\/wordpress\/wp-content\/uploads\/2013\/01\/CIMG4038-300x225.jpg 300w, http:\/\/www.bautagebuch.kristin-und-sebastian.de\/wordpress\/wp-content\/uploads\/2013\/01\/CIMG4038-400x300.jpg 400w\" sizes=\"auto, (max-width: 584px) 100vw, 584px\" \/><\/a><p id=\"caption-attachment-48\" class=\"wp-caption-text\">Sicht von Grundst\u00fcck Nr. 1<\/p><\/div>\n<div id=\"attachment_49\" style=\"width: 594px\" class=\"wp-caption alignleft\"><a href=\"http:\/\/www.bautagebuch.kristin-und-sebastian.de\/wordpress\/wp-content\/uploads\/2013\/01\/CIMG4044.jpg\"><img loading=\"lazy\" decoding=\"async\" aria-describedby=\"caption-attachment-49\" class=\"size-large wp-image-49\" src=\"http:\/\/www.bautagebuch.kristin-und-sebastian.de\/wordpress\/wp-content\/uploads\/2013\/01\/CIMG4044-1024x768.jpg\" alt=\"Sicht von Grundst\u00fcck Nr. 3 Richtung Obstwiese\" width=\"584\" height=\"438\" srcset=\"http:\/\/www.bautagebuch.kristin-und-sebastian.de\/wordpress\/wp-content\/uploads\/2013\/01\/CIMG4044-1024x768.jpg 1024w, http:\/\/www.bautagebuch.kristin-und-sebastian.de\/wordpress\/wp-content\/uploads\/2013\/01\/CIMG4044-300x225.jpg 300w, http:\/\/www.bautagebuch.kristin-und-sebastian.de\/wordpress\/wp-content\/uploads\/2013\/01\/CIMG4044-400x300.jpg 400w\" sizes=\"auto, (max-width: 584px) 100vw, 584px\" \/><\/a><p id=\"caption-attachment-49\" class=\"wp-caption-text\">Sicht von Grundst\u00fcck Nr. 3 Richtung Obstwiese<\/p><\/div>\n<p>Der Bereich an der Grundst\u00fcckshintergrenze sollte laut Auskunft des Verk\u00e4ufers mit Obstb\u00e4umen bepflanzt werden. Weiterhin erkl\u00e4rte er uns einige Vorschriften aus dem B-Plan, die wir zu diesem Zeitpunkt jedoch aufgrund mangelnder Erfahrung noch nicht 100%ig verstanden haben. Begeistert verabschiedeten wir den Verk\u00e4ufer und berieten uns gemeinsam mit Kristins Eltern.<\/p>\n<p>Einen Tag sp\u00e4ter, am 27. Januar 2013 baten wir dann per E-Mail an den Verk\u00e4ufer um eine Reservierung des Grundst\u00fccks Nr. 2.<\/p>\n","protected":false},"excerpt":{"rendered":"<p>Heute haben wir mit Kristins Eltern und dem Grundst\u00fccksverk\u00e4ufer Herr J. Hoffmann das Grundst\u00fcck in L\u00fcbeck &#8211; Niendorf Moorgarten besichtigt. An diesem Tag war es sehr windig und so kalt, dass das auf der Wiese stehende Wasser gefroren war. Zu &hellip; <a href=\"http:\/\/www.bautagebuch.kristin-und-sebastian.de\/?p=44\">Weiterlesen <span class=\"meta-nav\">&rarr;<\/span><\/a><\/p>\n","protected":false},"author":3,"featured_media":0,"comment_status":"closed","ping_status":"open","sticky":false,"template":"","format":"standard","meta":{"footnotes":""},"categories":[3],"tags":[],"class_list":["post-44","post","type-post","status-publish","format-standard","hentry","category-bautagebuch"],"aioseo_notices":[],"_links":{"self":[{"href":"http:\/\/www.bautagebuch.kristin-und-sebastian.de\/index.php?rest_route=\/wp\/v2\/posts\/44","targetHints":{"allow":["GET"]}}],"collection":[{"href":"http:\/\/www.bautagebuch.kristin-und-sebastian.de\/index.php?rest_route=\/wp\/v2\/posts"}],"about":[{"href":"http:\/\/www.bautagebuch.kristin-und-sebastian.de\/index.php?rest_route=\/wp\/v2\/types\/post"}],"author":[{"embeddable":true,"href":"http:\/\/www.bautagebuch.kristin-und-sebastian.de\/index.php?rest_route=\/wp\/v2\/users\/3"}],"replies":[{"embeddable":true,"href":"http:\/\/www.bautagebuch.kristin-und-sebastian.de\/index.php?rest_route=%2Fwp%2Fv2%2Fcomments&post=44"}],"version-history":[{"count":13,"href":"http:\/\/www.bautagebuch.kristin-und-sebastian.de\/index.php?rest_route=\/wp\/v2\/posts\/44\/revisions"}],"predecessor-version":[{"id":711,"href":"http:\/\/www.bautagebuch.kristin-und-sebastian.de\/index.php?rest_route=\/wp\/v2\/posts\/44\/revisions\/711"}],"wp:attachment":[{"href":"http:\/\/www.bautagebuch.kristin-und-sebastian.de\/index.php?rest_route=%2Fwp%2Fv2%2Fmedia&parent=44"}],"wp:term":[{"taxonomy":"category","embeddable":true,"href":"http:\/\/www.bautagebuch.kristin-und-sebastian.de\/index.php?rest_route=%2Fwp%2Fv2%2Fcategories&post=44"},{"taxonomy":"post_tag","embeddable":true,"href":"http:\/\/www.bautagebuch.kristin-und-sebastian.de\/index.php?rest_route=%2Fwp%2Fv2%2Ftags&post=44"}],"curies":[{"name":"wp","href":"https:\/\/api.w.org\/{rel}","templated":true}]}}