{"id":312,"date":"2014-05-08T17:43:18","date_gmt":"2014-05-08T16:43:18","guid":{"rendered":"http:\/\/www.bautagebuch.kristin-und-sebastian.de\/?p=312"},"modified":"2015-03-15T20:17:10","modified_gmt":"2015-03-15T19:17:10","slug":"baufortschritt","status":"publish","type":"post","link":"http:\/\/www.bautagebuch.kristin-und-sebastian.de\/?p=312","title":{"rendered":"Baufortschritt"},"content":{"rendered":"<table border=\"1\" cellspacing=\"5\" cellpadding=\"10\">\n<tbody>\n<tr>\n<th style=\"font-size: 18px\" colspan=\"4\">Einwinkeln des Hauses<\/th>\n<\/tr>\n<tr>\n<th colspan=\"4\">\u00a0<img loading=\"lazy\" decoding=\"async\" src=\"http:\/\/www.bautagebuch.kristin-und-sebastian.de\/wordpress\/wp-content\/uploads\/2014\/05\/01_Einwinkeln-1024x170.jpg\" alt=\"01_Einwinkeln\" width=\"585\" height=\"107\" \/><\/th>\n<\/tr>\n<tr>\n<td>Geplanter Beginn: ???<\/td>\n<td><img loading=\"lazy\" decoding=\"async\" src=\"http:\/\/www.bautagebuch.kristin-und-sebastian.de\/wordpress\/wp-content\/uploads\/2014\/05\/schlecht.png\" alt=\"gut\" width=\"40\" height=\"20\" \/><\/td>\n<td>Abschluss: 07.05.2014<\/td>\n<td><img loading=\"lazy\" decoding=\"async\" src=\"http:\/\/www.bautagebuch.kristin-und-sebastian.de\/wordpress\/wp-content\/uploads\/2014\/05\/durchschnittlich.png\" alt=\"gut\" width=\"40\" height=\"20\" \/><\/td>\n<\/tr>\n<tr>\n<td colspan=\"2\">Dipl.-Ing. Carsten de Vries<\/td>\n<td colspan=\"2\"><img loading=\"lazy\" decoding=\"async\" src=\"http:\/\/www.bautagebuch.kristin-und-sebastian.de\/wordpress\/wp-content\/uploads\/2014\/04\/stars5.png\" alt=\"stars5\" width=\"150\" height=\"30\" \/><\/td>\n<\/tr>\n<tr>\n<td colspan=\"4\">Das Haus wurde erfolgreich abgesteckt.<\/td>\n<\/tr>\n<tr>\n<th style=\"font-size: 18px\" colspan=\"4\">Bauanlaufgespr\u00e4ch<\/th>\n<\/tr>\n<tr>\n<th colspan=\"4\"><img loading=\"lazy\" decoding=\"async\" src=\"http:\/\/www.bautagebuch.kristin-und-sebastian.de\/wordpress\/wp-content\/uploads\/2014\/05\/02_Bauanlaufgespr\u00e4ch1-1024x184.jpg\" alt=\"02_Bauanlaufgespr\u00e4ch\" width=\"586\" height=\"115\" \/><\/th>\n<\/tr>\n<tr>\n<td>Geplanter Beginn: 22.04.2014<\/td>\n<td><img loading=\"lazy\" decoding=\"async\" src=\"http:\/\/www.bautagebuch.kristin-und-sebastian.de\/wordpress\/wp-content\/uploads\/2014\/05\/gut.png\" alt=\"gut\" width=\"40\" height=\"20\" \/><\/td>\n<td>Abschluss: 08.05.2014<\/td>\n<td><img loading=\"lazy\" decoding=\"async\" src=\"http:\/\/www.bautagebuch.kristin-und-sebastian.de\/wordpress\/wp-content\/uploads\/2014\/05\/schlecht.png\" alt=\"gut\" width=\"40\" height=\"20\" \/><\/td>\n<\/tr>\n<tr>\n<td colspan=\"2\">TEAM Massivhaus GmbH<\/td>\n<td colspan=\"2\"><img loading=\"lazy\" decoding=\"async\" src=\"http:\/\/www.bautagebuch.kristin-und-sebastian.de\/wordpress\/wp-content\/uploads\/2014\/04\/stars5.png\" alt=\"stars5\" width=\"150\" height=\"30\" \/><\/td>\n<\/tr>\n<tr>\n<td colspan=\"4\">Eine Sichtpr\u00fcfung der Absteckung des Hauses (zusammen mit dem Gutachter) ergab keine Auff\u00e4lligkeiten. Der Bauleiter Herr Osbahr ist sehr nett und scheint engagiert. Endlich scheint sich mal jemand bei Team Massivhaus verantwortlich zu f\u00fchlen. Alle unsere offenen Fragen konnten wir mit dem Bauleiter zu unserer Zufriedenheit besprechen.<br \/>\nDer Termin f\u00fcr das Bauanlaufgespr\u00e4ch hatte sich sehr stark nach hinten verschoben. Verantwortlich f\u00fcr die starke Verz\u00f6gerung m\u00f6chte bei Team Massivhaus aber niemand sein.PS: Im Nachhinein stellte sich leider heraus, dass alle besprochenen Angelegenheiten nicht zu unserer Zufriedenheit vom Bauleiter erledigt wurden. Siehe <a title=\"Baubeginn???\" href=\"http:\/\/www.bautagebuch.kristin-und-sebastian.de\/?p=410\">Beitrag Baubeginn???<\/a><\/td>\n<\/tr>\n<tr>\n<th style=\"font-size: 18px\" colspan=\"4\">Erdarbeiten<\/th>\n<\/tr>\n<tr>\n<th colspan=\"4\"><a href=\"http:\/\/www.bautagebuch.kristin-und-sebastian.de\/wordpress\/wp-content\/uploads\/2014\/05\/03_Erdarbeiten.jpg\"><img loading=\"lazy\" decoding=\"async\" class=\"alignleft size-full wp-image-435\" src=\"http:\/\/www.bautagebuch.kristin-und-sebastian.de\/wordpress\/wp-content\/uploads\/2014\/05\/03_Erdarbeiten.jpg\" alt=\"03_Erdarbeiten\" width=\"632\" height=\"126\" srcset=\"http:\/\/www.bautagebuch.kristin-und-sebastian.de\/wordpress\/wp-content\/uploads\/2014\/05\/03_Erdarbeiten.jpg 632w, http:\/\/www.bautagebuch.kristin-und-sebastian.de\/wordpress\/wp-content\/uploads\/2014\/05\/03_Erdarbeiten-300x59.jpg 300w, http:\/\/www.bautagebuch.kristin-und-sebastian.de\/wordpress\/wp-content\/uploads\/2014\/05\/03_Erdarbeiten-500x99.jpg 500w\" sizes=\"auto, (max-width: 632px) 100vw, 632px\" \/><\/a><\/th>\n<\/tr>\n<tr>\n<td>Beginn: 21.05.2014<\/td>\n<td><img loading=\"lazy\" decoding=\"async\" src=\"http:\/\/www.bautagebuch.kristin-und-sebastian.de\/wordpress\/wp-content\/uploads\/2014\/05\/gut.png\" alt=\"gut\" width=\"40\" height=\"20\" \/><\/td>\n<td>Abschluss: 22.05.2014<\/td>\n<td><img loading=\"lazy\" decoding=\"async\" src=\"http:\/\/www.bautagebuch.kristin-und-sebastian.de\/wordpress\/wp-content\/uploads\/2014\/05\/gut.png\" alt=\"gut\" width=\"40\" height=\"20\" \/><\/td>\n<\/tr>\n<tr>\n<td colspan=\"2\">Fohr Tiefbau GmbH<\/td>\n<td colspan=\"2\"><img loading=\"lazy\" decoding=\"async\" src=\"http:\/\/www.bautagebuch.kristin-und-sebastian.de\/wordpress\/wp-content\/uploads\/2014\/04\/stars5.png\" alt=\"stars5\" width=\"150\" height=\"30\" \/><\/td>\n<\/tr>\n<tr>\n<td colspan=\"4\">Die Kompletten Erdarbeiten haben insgesamt ca. 12 Stunden gedauert. Das hat uns nat\u00fcrlich gefreut. Der Angebotspreis ist mit \u00fcber 6000 Euro aber recht hoch. Da einige Positionen rausgenommen wurden, hoffen wir, dass es noch etwas g\u00fcnstiger wird. Ansonsten liegt aus unserer Sicht alles am richtigen Platz.<\/td>\n<\/tr>\n<tr>\n<th style=\"font-size: 18px\" colspan=\"4\">Fundamente und Sohle<\/th>\n<\/tr>\n<tr>\n<th colspan=\"4\"><a href=\"http:\/\/www.bautagebuch.kristin-und-sebastian.de\/wordpress\/wp-content\/uploads\/2014\/05\/04_Fundament.jpg\"><img loading=\"lazy\" decoding=\"async\" class=\"alignleft size-full wp-image-436\" src=\"http:\/\/www.bautagebuch.kristin-und-sebastian.de\/wordpress\/wp-content\/uploads\/2014\/05\/04_Fundament.jpg\" alt=\"04_Fundament\" width=\"630\" height=\"121\" srcset=\"http:\/\/www.bautagebuch.kristin-und-sebastian.de\/wordpress\/wp-content\/uploads\/2014\/05\/04_Fundament.jpg 630w, http:\/\/www.bautagebuch.kristin-und-sebastian.de\/wordpress\/wp-content\/uploads\/2014\/05\/04_Fundament-300x57.jpg 300w, http:\/\/www.bautagebuch.kristin-und-sebastian.de\/wordpress\/wp-content\/uploads\/2014\/05\/04_Fundament-500x96.jpg 500w\" sizes=\"auto, (max-width: 630px) 100vw, 630px\" \/><\/a><\/th>\n<\/tr>\n<tr>\n<td>Geplanter Beginn: 23.05.2014<\/td>\n<td><img loading=\"lazy\" decoding=\"async\" src=\"http:\/\/www.bautagebuch.kristin-und-sebastian.de\/wordpress\/wp-content\/uploads\/2014\/05\/gut.png\" alt=\"gut\" width=\"40\" height=\"20\" \/><\/td>\n<td>Abschluss: 23.05.2014<\/td>\n<td><img loading=\"lazy\" decoding=\"async\" src=\"http:\/\/www.bautagebuch.kristin-und-sebastian.de\/wordpress\/wp-content\/uploads\/2014\/05\/gut.png\" alt=\"gut\" width=\"40\" height=\"20\" \/><\/td>\n<\/tr>\n<tr>\n<td colspan=\"2\">Cordes GmbH<\/td>\n<td colspan=\"2\"><img loading=\"lazy\" decoding=\"async\" src=\"http:\/\/www.bautagebuch.kristin-und-sebastian.de\/wordpress\/wp-content\/uploads\/2014\/04\/stars5.png\" alt=\"stars2\" width=\"150\" height=\"30\" \/><\/td>\n<\/tr>\n<tr>\n<td colspan=\"4\">Die Verlegung der Leerrohre, das Gie\u00dfen des Streifenfundaments und der Sohle inkl. Verlegen der Stahlmatten wurden an einem Tag von vier flei\u00dfigen polnischen Mtarbeitern der Firma Cordes durchgef\u00fchrt. Mehrspatenhauseinf\u00fchrung und Leerrohre sind trotz Absprache zu weit in der Wand. Angeforderte und \u00fcbersendete Informationen werden ignoriert. Die Firma Cordes Gmbh ist nicht serviceorierentiert. Wir hatten um ein Angebot f\u00fcr ein Garagenfundament gebeten. Firma Cordes hatte abgelehnt. Schlechter Service, schlechte Kommunikation, Vorgaben missachtet -&gt; 2 Sterne bis hierhin<\/td>\n<\/tr>\n<\/tbody>\n<\/table>\n<table>\n<tbody>\n<tr>\n<th style=\"font-size: 18px\" colspan=\"4\">Maurerarbeiten EG<\/th>\n<\/tr>\n<tr>\n<th colspan=\"4\"><a href=\"http:\/\/www.bautagebuch.kristin-und-sebastian.de\/wordpress\/wp-content\/uploads\/2014\/05\/05_W\u00e4ndeEG.jpg\"><img loading=\"lazy\" decoding=\"async\" class=\"alignleft wp-image-436\" src=\"http:\/\/www.bautagebuch.kristin-und-sebastian.de\/wordpress\/wp-content\/uploads\/2014\/05\/05_W\u00e4ndeEG.jpg\" alt=\"05_W\u00e4ndeEG\" width=\"630\" height=\"121\" \/><\/a><\/th>\n<\/tr>\n<tr>\n<td>Geplanter Beginn: 27.05.2014<\/td>\n<td><img loading=\"lazy\" decoding=\"async\" src=\"http:\/\/www.bautagebuch.kristin-und-sebastian.de\/wordpress\/wp-content\/uploads\/2014\/05\/gut.png\" alt=\"gut\" width=\"40\" height=\"20\" \/><\/td>\n<td>Abschluss: 05.06.2014<\/td>\n<td><img loading=\"lazy\" decoding=\"async\" src=\"http:\/\/www.bautagebuch.kristin-und-sebastian.de\/wordpress\/wp-content\/uploads\/2014\/05\/gut.png\" alt=\"gut\" width=\"40\" height=\"20\" \/><\/td>\n<\/tr>\n<tr>\n<td colspan=\"2\">Cordes GmbH<\/td>\n<td colspan=\"2\"><img loading=\"lazy\" decoding=\"async\" src=\"http:\/\/www.bautagebuch.kristin-und-sebastian.de\/wordpress\/wp-content\/uploads\/2014\/04\/stars4.png\" alt=\"stars4\" width=\"150\" height=\"30\" \/><\/td>\n<\/tr>\n<tr>\n<td colspan=\"4\">Die ersten W\u00e4nde stehen. Firma Cordes hat hier sehr schnell und augenscheinlich sauber gearbeitet. Ein Wanddurchbruch wurde vergessen.<\/td>\n<\/tr>\n<\/tbody>\n<\/table>\n<table>\n<tbody>\n<tr>\n<th style=\"font-size: 18px\" colspan=\"4\">Decke EG<\/th>\n<\/tr>\n<tr>\n<th colspan=\"4\"><a href=\"http:\/\/www.bautagebuch.kristin-und-sebastian.de\/wordpress\/wp-content\/uploads\/2014\/05\/06_DeckeEG.jpg\"><img loading=\"lazy\" decoding=\"async\" class=\"alignleft wp-image-436\" src=\"http:\/\/www.bautagebuch.kristin-und-sebastian.de\/wordpress\/wp-content\/uploads\/2014\/05\/06_DeckeEG.jpg\" alt=\"06_DeckeEG\" width=\"630\" height=\"121\" \/><\/a><\/th>\n<\/tr>\n<tr>\n<td>Geplanter Beginn: 10.06.2014<\/td>\n<td><img loading=\"lazy\" decoding=\"async\" src=\"http:\/\/www.bautagebuch.kristin-und-sebastian.de\/wordpress\/wp-content\/uploads\/2014\/05\/gut.png\" alt=\"gut\" width=\"40\" height=\"20\" \/><\/td>\n<td>Abschluss: 10.06.2014 (KW26)<\/td>\n<td><img loading=\"lazy\" decoding=\"async\" src=\"http:\/\/www.bautagebuch.kristin-und-sebastian.de\/wordpress\/wp-content\/uploads\/2014\/05\/gut.png\" alt=\"gut\" width=\"40\" height=\"20\" \/><\/td>\n<\/tr>\n<tr>\n<td colspan=\"2\">Zerssen (Schalkholz), 24768 Rendsburg<\/td>\n<td colspan=\"2\"><img loading=\"lazy\" decoding=\"async\" src=\"http:\/\/www.bautagebuch.kristin-und-sebastian.de\/wordpress\/wp-content\/uploads\/2014\/04\/stars5.png\" alt=\"stars5\" width=\"150\" height=\"30\" \/><\/td>\n<\/tr>\n<tr>\n<td colspan=\"4\">Die Erdgeschossdecke wurde gegossen. Laut Gutachter wurden alle Bewehrungsmatten an der richtigen Stelle positioniert.<\/td>\n<\/tr>\n<\/tbody>\n<\/table>\n<table>\n<tbody>\n<tr>\n<th style=\"font-size: 18px\" colspan=\"4\">Dachstuhl<\/th>\n<\/tr>\n<tr>\n<th colspan=\"4\"><a href=\"http:\/\/www.bautagebuch.kristin-und-sebastian.de\/wordpress\/wp-content\/uploads\/2014\/05\/07_Dachstuhl.jpg\"><img loading=\"lazy\" decoding=\"async\" class=\"alignleft wp-image-436\" src=\"http:\/\/www.bautagebuch.kristin-und-sebastian.de\/wordpress\/wp-content\/uploads\/2014\/05\/07_Dachstuhl.jpg\" alt=\"07_Dachstuhl\" width=\"630\" height=\"121\" \/><\/a><\/th>\n<\/tr>\n<tr>\n<td>Geplanter Beginn: KW24<\/td>\n<td><img loading=\"lazy\" decoding=\"async\" src=\"http:\/\/www.bautagebuch.kristin-und-sebastian.de\/wordpress\/wp-content\/uploads\/2014\/05\/gut.png\" alt=\"gut\" width=\"40\" height=\"20\" \/><\/td>\n<td>Abschluss: 25.06.2014 (KW26)<\/td>\n<td><img loading=\"lazy\" decoding=\"async\" src=\"http:\/\/www.bautagebuch.kristin-und-sebastian.de\/wordpress\/wp-content\/uploads\/2014\/05\/durchschnittlich.png\" alt=\"gut\" width=\"40\" height=\"20\" \/><\/td>\n<\/tr>\n<tr>\n<td colspan=\"2\">Dachdeckerei-Zimmerer-Priegnitz, 24610 G\u00f6nnebek<\/td>\n<td colspan=\"2\"><img loading=\"lazy\" decoding=\"async\" src=\"http:\/\/www.bautagebuch.kristin-und-sebastian.de\/wordpress\/wp-content\/uploads\/2014\/04\/stars5.png\" alt=\"stars5\" width=\"150\" height=\"30\" \/><\/td>\n<\/tr>\n<tr>\n<td colspan=\"4\">Die Dachsparren k\u00f6nnen nicht rechtzeitig geliefert werden. So verz\u00f6gert sich der Bau des Dachstuhls um 2 Wochen. Der Dachstuhl wurde am 25.06.2014 montiert. Der Gutachter hatte einige kleine M\u00e4ngel (L\u00f6cher in der Folie) festgestellt.<\/td>\n<\/tr>\n<\/tbody>\n<\/table>\n<table>\n<tbody>\n<tr>\n<th style=\"font-size: 18px\" colspan=\"4\">Verblendund des Mauerwerks<\/th>\n<\/tr>\n<tr>\n<th colspan=\"4\"><img loading=\"lazy\" decoding=\"async\" class=\"aligncenter wp-image-486\" src=\"http:\/\/www.bautagebuch.kristin-und-sebastian.de\/wordpress\/wp-content\/uploads\/2014\/05\/08_Verblendung.jpg\" alt=\"08_Verblendung\" width=\"621\" height=\"123\" \/><\/th>\n<\/tr>\n<tr>\n<td>Geplanter Beginn: KW26<\/td>\n<td><img loading=\"lazy\" decoding=\"async\" src=\"http:\/\/www.bautagebuch.kristin-und-sebastian.de\/wordpress\/wp-content\/uploads\/2014\/05\/gut.png\" alt=\"gut\" width=\"40\" height=\"20\" \/><\/td>\n<td>Abschluss: KW26<\/td>\n<td><img loading=\"lazy\" decoding=\"async\" src=\"http:\/\/www.bautagebuch.kristin-und-sebastian.de\/wordpress\/wp-content\/uploads\/2014\/05\/gut.png\" alt=\"gut\" width=\"40\" height=\"20\" \/><\/td>\n<\/tr>\n<tr>\n<td colspan=\"2\">Cordes GmbH<\/td>\n<td colspan=\"2\"><img loading=\"lazy\" decoding=\"async\" src=\"http:\/\/www.bautagebuch.kristin-und-sebastian.de\/wordpress\/wp-content\/uploads\/2014\/04\/stars5.png\" alt=\"stars5\" width=\"150\" height=\"30\" \/><\/td>\n<\/tr>\n<tr>\n<td colspan=\"4\">Nachdem der Dachstuhl aufgesetzt wurde, haben sich die Maurer an die Arbeit gemacht und innerhalb von 3 Tagen das komplette Haus verblendet. Demzufolge wurde auch die Au\u00dfenwand im OG gemauert.<\/td>\n<\/tr>\n<\/tbody>\n<\/table>\n<table>\n<tbody>\n<tr>\n<th style=\"font-size: 18px\" colspan=\"4\">Trockenausbau 1<\/th>\n<\/tr>\n<tr>\n<th colspan=\"4\"><a href=\"http:\/\/www.bautagebuch.kristin-und-sebastian.de\/wordpress\/wp-content\/uploads\/2014\/05\/09_Dacheindeckung.jpg\"><img loading=\"lazy\" decoding=\"async\" class=\"aligncenter wp-image-558\" src=\"http:\/\/www.bautagebuch.kristin-und-sebastian.de\/wordpress\/wp-content\/uploads\/2014\/05\/09_Dacheindeckung.jpg\" alt=\"09_Dacheindeckung\" width=\"621\" height=\"115\" srcset=\"http:\/\/www.bautagebuch.kristin-und-sebastian.de\/wordpress\/wp-content\/uploads\/2014\/05\/09_Dacheindeckung.jpg 725w, http:\/\/www.bautagebuch.kristin-und-sebastian.de\/wordpress\/wp-content\/uploads\/2014\/05\/09_Dacheindeckung-300x55.jpg 300w, http:\/\/www.bautagebuch.kristin-und-sebastian.de\/wordpress\/wp-content\/uploads\/2014\/05\/09_Dacheindeckung-500x92.jpg 500w\" sizes=\"auto, (max-width: 621px) 100vw, 621px\" \/><\/a><\/th>\n<\/tr>\n<tr>\n<td>Geplanter Beginn: KW27<\/td>\n<td><img loading=\"lazy\" decoding=\"async\" src=\"http:\/\/www.bautagebuch.kristin-und-sebastian.de\/wordpress\/wp-content\/uploads\/2014\/05\/gut.png\" alt=\"gut\" width=\"40\" height=\"20\" \/><\/td>\n<td>Abschluss: KW28<\/td>\n<td><img loading=\"lazy\" decoding=\"async\" src=\"http:\/\/www.bautagebuch.kristin-und-sebastian.de\/wordpress\/wp-content\/uploads\/2014\/05\/durchschnittlich.png\" alt=\"gut\" width=\"40\" height=\"20\" \/><\/td>\n<\/tr>\n<tr>\n<td colspan=\"2\">Dachdeckerei-Zimmerer-Priegnitz<\/td>\n<td colspan=\"2\"><img loading=\"lazy\" decoding=\"async\" src=\"http:\/\/www.bautagebuch.kristin-und-sebastian.de\/wordpress\/wp-content\/uploads\/2014\/04\/stars5.png\" alt=\"stars5\" width=\"150\" height=\"30\" \/><\/td>\n<\/tr>\n<tr>\n<td colspan=\"4\">Die Trockenbauer beginnen eigentlich ihre Arbeit nachdem das Dach eingedeckt ist. Leider war das nicht der Fall und die Trockenbauer waren sich unsicher, ob sie beginnen sollen. Nach einigen Gespr\u00e4chen mit dem Bauleiter haben sie jedoch mit der Arbeit begonnen und dr\u00fcckten die Wollen zwischen die Dachsparren. Am n\u00e4chsten Tag wurden dann Folie und Latten angebracht. Die Arbeit wurde schnell und sehr sauber von der Firma Dachdeckerei-Zimmerer-Priegnitz ausgef\u00fchrt.<\/td>\n<\/tr>\n<\/tbody>\n<\/table>\n<table>\n<tbody>\n<tr>\n<th style=\"font-size: 18px\" colspan=\"4\">Dachdecker<\/th>\n<\/tr>\n<tr>\n<th colspan=\"4\"><a href=\"http:\/\/www.bautagebuch.kristin-und-sebastian.de\/wordpress\/wp-content\/uploads\/2014\/05\/09_Dacheindeckung.jpg\"><img loading=\"lazy\" decoding=\"async\" class=\"aligncenter wp-image-558\" src=\"http:\/\/www.bautagebuch.kristin-und-sebastian.de\/wordpress\/wp-content\/uploads\/2014\/05\/09_Dacheindeckung.jpg\" alt=\"09_Dacheindeckung\" width=\"621\" height=\"115\" srcset=\"http:\/\/www.bautagebuch.kristin-und-sebastian.de\/wordpress\/wp-content\/uploads\/2014\/05\/09_Dacheindeckung.jpg 725w, http:\/\/www.bautagebuch.kristin-und-sebastian.de\/wordpress\/wp-content\/uploads\/2014\/05\/09_Dacheindeckung-300x55.jpg 300w, http:\/\/www.bautagebuch.kristin-und-sebastian.de\/wordpress\/wp-content\/uploads\/2014\/05\/09_Dacheindeckung-500x92.jpg 500w\" sizes=\"auto, (max-width: 621px) 100vw, 621px\" \/><\/a><\/th>\n<\/tr>\n<tr>\n<td>Geplanter Beginn: KW25<\/td>\n<td><img loading=\"lazy\" decoding=\"async\" src=\"http:\/\/www.bautagebuch.kristin-und-sebastian.de\/wordpress\/wp-content\/uploads\/2014\/05\/gut.png\" alt=\"gut\" width=\"40\" height=\"20\" \/><\/td>\n<td>Abschluss: KW28<\/td>\n<td><img loading=\"lazy\" decoding=\"async\" src=\"http:\/\/www.bautagebuch.kristin-und-sebastian.de\/wordpress\/wp-content\/uploads\/2014\/05\/schlecht.png\" alt=\"gut\" width=\"40\" height=\"20\" \/><\/td>\n<\/tr>\n<tr>\n<td colspan=\"2\">Dachdeckerei-Zimmerer-Priegnitz<\/td>\n<td colspan=\"2\"><img loading=\"lazy\" decoding=\"async\" src=\"http:\/\/www.bautagebuch.kristin-und-sebastian.de\/wordpress\/wp-content\/uploads\/2014\/04\/stars5.png\" alt=\"stars5\" width=\"150\" height=\"30\" \/><\/td>\n<\/tr>\n<tr>\n<td colspan=\"4\">Die Dachdecker haben sich zwei Wochen versp\u00e4tet, weil sie selbst den Dachstuhl nicht liefern konnten. Leider wurde das mit den anderen Firmen vom Bauleiter nicht komuniziert. Sodass die Trockenbauer zu fr\u00fch kamen und der Schornstein immer noch nicht steht. So mussten die Dachdecker einen gro\u00dfen Bereich im Dach offen lassen an dem der Schornstein eingesetzt werden kann. Bis auf die Versp\u00e4tung haben auch die Dachdecker der Firma Dachdeckerei-Zimmerer-Priegnitz sehr gute Arbeit geleistet.<\/td>\n<\/tr>\n<\/tbody>\n<\/table>\n<table>\n<tbody>\n<tr>\n<th style=\"font-size: 18px\" colspan=\"4\">Sohle abkleben<\/th>\n<\/tr>\n<tr>\n<th colspan=\"4\"><a href=\"http:\/\/www.bautagebuch.kristin-und-sebastian.de\/wordpress\/wp-content\/uploads\/2014\/05\/11_Sohle.jpg\"><img loading=\"lazy\" decoding=\"async\" class=\"aligncenter wp-image-560\" src=\"http:\/\/www.bautagebuch.kristin-und-sebastian.de\/wordpress\/wp-content\/uploads\/2014\/05\/11_Sohle.jpg\" alt=\"11_Sohle\" width=\"621\" height=\"121\" srcset=\"http:\/\/www.bautagebuch.kristin-und-sebastian.de\/wordpress\/wp-content\/uploads\/2014\/05\/11_Sohle.jpg 726w, http:\/\/www.bautagebuch.kristin-und-sebastian.de\/wordpress\/wp-content\/uploads\/2014\/05\/11_Sohle-300x58.jpg 300w, http:\/\/www.bautagebuch.kristin-und-sebastian.de\/wordpress\/wp-content\/uploads\/2014\/05\/11_Sohle-500x97.jpg 500w\" sizes=\"auto, (max-width: 621px) 100vw, 621px\" \/><\/a><\/th>\n<\/tr>\n<tr>\n<td>Geplanter Beginn: KW27<\/td>\n<td><img loading=\"lazy\" decoding=\"async\" src=\"http:\/\/www.bautagebuch.kristin-und-sebastian.de\/wordpress\/wp-content\/uploads\/2014\/05\/gut.png\" alt=\"gut\" width=\"40\" height=\"20\" \/><\/td>\n<td>Abschluss: KW28<\/td>\n<td><img loading=\"lazy\" decoding=\"async\" src=\"http:\/\/www.bautagebuch.kristin-und-sebastian.de\/wordpress\/wp-content\/uploads\/2014\/05\/gut.png\" alt=\"gut\" width=\"40\" height=\"20\" \/><\/td>\n<\/tr>\n<tr>\n<td colspan=\"2\">Rohwer<\/td>\n<td colspan=\"2\"><img loading=\"lazy\" decoding=\"async\" src=\"http:\/\/www.bautagebuch.kristin-und-sebastian.de\/wordpress\/wp-content\/uploads\/2014\/04\/stars5.png\" alt=\"stars5\" width=\"150\" height=\"30\" \/><\/td>\n<\/tr>\n<tr>\n<td colspan=\"4\">Die Sohle wurde im allgemeinen fachgerecht und z\u00fcgig von der Rohbaufirma aufgebracht.<\/td>\n<\/tr>\n<\/tbody>\n<\/table>\n<table>\n<tbody>\n<tr>\n<th style=\"font-size: 18px\" colspan=\"4\">Maurerarbeiten OG<\/th>\n<\/tr>\n<tr>\n<th colspan=\"4\"><a href=\"http:\/\/www.bautagebuch.kristin-und-sebastian.de\/wordpress\/wp-content\/uploads\/2014\/05\/12_W\u00e4ndeOG.jpg\"><img loading=\"lazy\" decoding=\"async\" class=\"aligncenter wp-image-561\" src=\"http:\/\/www.bautagebuch.kristin-und-sebastian.de\/wordpress\/wp-content\/uploads\/2014\/05\/12_W\u00e4ndeOG.jpg\" alt=\"12_W\u00e4ndeOG\" width=\"621\" height=\"120\" srcset=\"http:\/\/www.bautagebuch.kristin-und-sebastian.de\/wordpress\/wp-content\/uploads\/2014\/05\/12_W\u00e4ndeOG.jpg 727w, http:\/\/www.bautagebuch.kristin-und-sebastian.de\/wordpress\/wp-content\/uploads\/2014\/05\/12_W\u00e4ndeOG-300x57.jpg 300w, http:\/\/www.bautagebuch.kristin-und-sebastian.de\/wordpress\/wp-content\/uploads\/2014\/05\/12_W\u00e4ndeOG-500x96.jpg 500w\" sizes=\"auto, (max-width: 621px) 100vw, 621px\" \/><\/a><\/th>\n<\/tr>\n<tr>\n<td>Geplanter Beginn: KW27<\/td>\n<td><img loading=\"lazy\" decoding=\"async\" src=\"http:\/\/www.bautagebuch.kristin-und-sebastian.de\/wordpress\/wp-content\/uploads\/2014\/05\/durchschnittlich.png\" alt=\"gut\" width=\"40\" height=\"20\" \/><\/td>\n<td>Abschluss: KW30<\/td>\n<td><img loading=\"lazy\" decoding=\"async\" src=\"http:\/\/www.bautagebuch.kristin-und-sebastian.de\/wordpress\/wp-content\/uploads\/2014\/05\/schlecht.png\" alt=\"gut\" width=\"40\" height=\"20\" \/><\/td>\n<\/tr>\n<tr>\n<td colspan=\"2\">Cordes GmbH<\/td>\n<td colspan=\"2\"><img loading=\"lazy\" decoding=\"async\" src=\"http:\/\/www.bautagebuch.kristin-und-sebastian.de\/wordpress\/wp-content\/uploads\/2014\/04\/stars3.png\" alt=\"stars3\" width=\"150\" height=\"30\" \/><\/td>\n<\/tr>\n<tr>\n<td colspan=\"4\">Die W\u00e4nde im OG wurden, gem\u00e4\u00df Bauzeitenplan, um 2-3 Wochen sp\u00e4ter gemauert. Der Schornstein wurde zusammen mit den W\u00e4nden im OG gemauert. Firma Cordes scheint sehr besch\u00e4ftigt zu sein und behinderte\u00a0 durch ihr Nicht-Erscheinen andere Gewerke und meine Elektroarbeiten. Anscheinend wurden Termine mit unserem Bauleiter abgesprochen, die von Cordes nicht eingehalten wurden. Das ist nicht sch\u00f6n. Was die Qualit\u00e4t der Arbeit betrifft, k\u00f6nnen wir auch dieses Mal wieder nur Gutes berichten. Sohlb\u00e4nke, Innenw\u00e4nde, Schornstein wurde alles, wie vereinbart ausgef\u00fchrt. Abst\u00e4nde wurden eingehalten und sauber gearbeitet wurde auch.<\/td>\n<\/tr>\n<\/tbody>\n<\/table>\n<table>\n<tbody>\n<tr>\n<th style=\"font-size: 18px\" colspan=\"4\">PVC Unterschl\u00e4ge<\/th>\n<\/tr>\n<tr>\n<th colspan=\"4\"><a href=\"http:\/\/www.bautagebuch.kristin-und-sebastian.de\/wordpress\/wp-content\/uploads\/2014\/05\/13_PVCUnterschl\u00e4ge.jpg\"><img loading=\"lazy\" decoding=\"async\" class=\"aligncenter wp-image-562\" src=\"http:\/\/www.bautagebuch.kristin-und-sebastian.de\/wordpress\/wp-content\/uploads\/2014\/05\/13_PVCUnterschl\u00e4ge.jpg\" alt=\"13_PVCUnterschl\u00e4ge\" width=\"621\" height=\"126\" srcset=\"http:\/\/www.bautagebuch.kristin-und-sebastian.de\/wordpress\/wp-content\/uploads\/2014\/05\/13_PVCUnterschl\u00e4ge.jpg 720w, http:\/\/www.bautagebuch.kristin-und-sebastian.de\/wordpress\/wp-content\/uploads\/2014\/05\/13_PVCUnterschl\u00e4ge-300x60.jpg 300w, http:\/\/www.bautagebuch.kristin-und-sebastian.de\/wordpress\/wp-content\/uploads\/2014\/05\/13_PVCUnterschl\u00e4ge-500x101.jpg 500w\" sizes=\"auto, (max-width: 621px) 100vw, 621px\" \/><\/a><\/th>\n<\/tr>\n<tr>\n<td>Geplanter Beginn: Im Laufe der Bauzeit<\/td>\n<td><img loading=\"lazy\" decoding=\"async\" src=\"http:\/\/www.bautagebuch.kristin-und-sebastian.de\/wordpress\/wp-content\/uploads\/2014\/05\/gut.png\" alt=\"gut\" width=\"40\" height=\"20\" \/><\/td>\n<td>Abschluss: KW30<\/td>\n<td><img loading=\"lazy\" decoding=\"async\" src=\"http:\/\/www.bautagebuch.kristin-und-sebastian.de\/wordpress\/wp-content\/uploads\/2014\/05\/gut.png\" alt=\"gut\" width=\"40\" height=\"20\" \/><\/td>\n<\/tr>\n<tr>\n<td colspan=\"2\">Dachdeckerei-Zimmerer-Priegnitz, 24610 G\u00f6nnebek<\/td>\n<td colspan=\"2\"><img loading=\"lazy\" decoding=\"async\" src=\"http:\/\/www.bautagebuch.kristin-und-sebastian.de\/wordpress\/wp-content\/uploads\/2014\/04\/stars5.png\" alt=\"stars5\" width=\"150\" height=\"30\" \/><\/td>\n<\/tr>\n<tr>\n<td colspan=\"4\">Die PVC Unterschl\u00e4ge wurden fachgerecht und sehr z\u00fcgig angebaut.<\/td>\n<\/tr>\n<\/tbody>\n<\/table>\n<table>\n<tbody>\n<tr>\n<th style=\"font-size: 18px\" colspan=\"4\">T\u00fcren und Fenster<\/th>\n<\/tr>\n<tr>\n<th colspan=\"4\"><a href=\"http:\/\/www.bautagebuch.kristin-und-sebastian.de\/wordpress\/wp-content\/uploads\/2014\/05\/13_PVCUnterschl\u00e4ge.jpg\"><img loading=\"lazy\" decoding=\"async\" class=\"aligncenter wp-image-562\" src=\"http:\/\/www.bautagebuch.kristin-und-sebastian.de\/wordpress\/wp-content\/uploads\/2014\/05\/13_PVCUnterschl\u00e4ge.jpg\" alt=\"13_PVCUnterschl\u00e4ge\" width=\"621\" height=\"126\" srcset=\"http:\/\/www.bautagebuch.kristin-und-sebastian.de\/wordpress\/wp-content\/uploads\/2014\/05\/13_PVCUnterschl\u00e4ge.jpg 720w, http:\/\/www.bautagebuch.kristin-und-sebastian.de\/wordpress\/wp-content\/uploads\/2014\/05\/13_PVCUnterschl\u00e4ge-300x60.jpg 300w, http:\/\/www.bautagebuch.kristin-und-sebastian.de\/wordpress\/wp-content\/uploads\/2014\/05\/13_PVCUnterschl\u00e4ge-500x101.jpg 500w\" sizes=\"auto, (max-width: 621px) 100vw, 621px\" \/><\/a><\/th>\n<\/tr>\n<tr>\n<td>Geplanter Beginn: KW30<\/td>\n<td><img loading=\"lazy\" decoding=\"async\" src=\"http:\/\/www.bautagebuch.kristin-und-sebastian.de\/wordpress\/wp-content\/uploads\/2014\/05\/gut.png\" alt=\"gut\" width=\"40\" height=\"20\" \/><\/td>\n<td>Abschluss: KW30<\/td>\n<td><img loading=\"lazy\" decoding=\"async\" src=\"http:\/\/www.bautagebuch.kristin-und-sebastian.de\/wordpress\/wp-content\/uploads\/2014\/05\/gut.png\" alt=\"gut\" width=\"40\" height=\"20\" \/><\/td>\n<\/tr>\n<tr>\n<td colspan=\"2\">Kebotherm Fenster und T\u00fcren GmbH, 39381 Oschersleben<\/td>\n<td colspan=\"2\"><img loading=\"lazy\" decoding=\"async\" src=\"http:\/\/www.bautagebuch.kristin-und-sebastian.de\/wordpress\/wp-content\/uploads\/2014\/04\/stars4.png\" alt=\"stars4\" width=\"150\" height=\"30\" \/><\/td>\n<\/tr>\n<tr>\n<td colspan=\"4\">Firma Kebotherm hatte zu unserer Freude und auf Nachfrage Maxi-Einlassgurtwickler angeboten. Der Aufpreis betrug ca. 60 \u20ac Brutto. Angebot, Bestellung und Bezahlung verlief aufgrund der guten Kommunikation von Kebotherm schnell und unkompliziert. Leider wurde nicht 100% sauber gearbeitet. Ein Fenster wurde vergessen an der Br\u00fcstung zu verschrauben. Bei einem anderen wurde vergessen an der Unterseite zu versch\u00e4umen. Aber kleine Fehler lassen sich ja zum Gl\u00fcck schnell nachbessern.<\/td>\n<\/tr>\n<\/tbody>\n<\/table>\n<table>\n<tbody>\n<tr>\n<th style=\"font-size: 18px\" colspan=\"4\">Heizung und Sanit\u00e4r &#8211; Vorinstallation<\/th>\n<\/tr>\n<tr>\n<th colspan=\"4\"><a href=\"http:\/\/www.bautagebuch.kristin-und-sebastian.de\/wordpress\/wp-content\/uploads\/2014\/05\/13_PVCUnterschl\u00e4ge.jpg\"><img loading=\"lazy\" decoding=\"async\" class=\"aligncenter wp-image-562\" src=\"http:\/\/www.bautagebuch.kristin-und-sebastian.de\/wordpress\/wp-content\/uploads\/2014\/05\/13_PVCUnterschl\u00e4ge.jpg\" alt=\"13_PVCUnterschl\u00e4ge\" width=\"621\" height=\"126\" srcset=\"http:\/\/www.bautagebuch.kristin-und-sebastian.de\/wordpress\/wp-content\/uploads\/2014\/05\/13_PVCUnterschl\u00e4ge.jpg 720w, http:\/\/www.bautagebuch.kristin-und-sebastian.de\/wordpress\/wp-content\/uploads\/2014\/05\/13_PVCUnterschl\u00e4ge-300x60.jpg 300w, http:\/\/www.bautagebuch.kristin-und-sebastian.de\/wordpress\/wp-content\/uploads\/2014\/05\/13_PVCUnterschl\u00e4ge-500x101.jpg 500w\" sizes=\"auto, (max-width: 621px) 100vw, 621px\" \/><\/a><\/th>\n<\/tr>\n<tr>\n<td>Geplanter Beginn: KW31<\/td>\n<td><img loading=\"lazy\" decoding=\"async\" src=\"http:\/\/www.bautagebuch.kristin-und-sebastian.de\/wordpress\/wp-content\/uploads\/2014\/05\/gut.png\" alt=\"gut\" width=\"40\" height=\"20\" \/><\/td>\n<td>Abschluss: KW31<\/td>\n<td><img loading=\"lazy\" decoding=\"async\" src=\"http:\/\/www.bautagebuch.kristin-und-sebastian.de\/wordpress\/wp-content\/uploads\/2014\/05\/gut.png\" alt=\"gut\" width=\"40\" height=\"20\" \/><\/td>\n<\/tr>\n<tr>\n<td colspan=\"2\">Wilke GmbH &amp; Co.KG<\/td>\n<td colspan=\"2\"><img loading=\"lazy\" decoding=\"async\" src=\"http:\/\/www.bautagebuch.kristin-und-sebastian.de\/wordpress\/wp-content\/uploads\/2014\/04\/stars5.png\" alt=\"stars5\" width=\"150\" height=\"30\" \/><\/td>\n<\/tr>\n<tr>\n<td colspan=\"4\">Das Baugespr\u00e4ch mit einem Mitarbeiter der Firma Wilke verlief sehr positiv. Er war sehr kommunikativ und organisiert. Die Beratung vor Ort war hervorragend.<br \/>\nLeider bot uns Firma Wilke auf Nachfrage kein Noppensystem an. Wir bekamen auf unsere Nachfrage die Antwort: &#8222;Das machen wir nicht!&#8220;.<br \/>\nDas wollten wir aber. Und zwar schon vom Verkaufsgespr\u00e4ch an. Dann muss auch eigentlich daf\u00fcr gesorgt werden, dass diese W\u00fcnsche ber\u00fccksichtigt werden und die Gewerke sowas anbieten. Die Vorinstallation dauerte einen Tag und wurde fachgerecht ausgef\u00fchrt. Zusatzleistungen sind bezahlbar und werden im \u00fcbersichtlichen Angebot zugesendet.<\/td>\n<\/tr>\n<\/tbody>\n<\/table>\n<table>\n<tbody>\n<tr>\n<th style=\"font-size: 18px\" colspan=\"4\">Innenputz<\/th>\n<\/tr>\n<tr>\n<th colspan=\"4\"><a href=\"http:\/\/www.bautagebuch.kristin-und-sebastian.de\/wordpress\/wp-content\/uploads\/2014\/05\/14_T\u00fcrenFenster.jpg\"><img loading=\"lazy\" decoding=\"async\" class=\"aligncenter wp-image-563\" src=\"http:\/\/www.bautagebuch.kristin-und-sebastian.de\/wordpress\/wp-content\/uploads\/2014\/05\/14_T\u00fcrenFenster.jpg\" alt=\"14_T\u00fcrenFenster\" width=\"621\" height=\"127\" srcset=\"http:\/\/www.bautagebuch.kristin-und-sebastian.de\/wordpress\/wp-content\/uploads\/2014\/05\/14_T\u00fcrenFenster.jpg 729w, http:\/\/www.bautagebuch.kristin-und-sebastian.de\/wordpress\/wp-content\/uploads\/2014\/05\/14_T\u00fcrenFenster-300x61.jpg 300w, http:\/\/www.bautagebuch.kristin-und-sebastian.de\/wordpress\/wp-content\/uploads\/2014\/05\/14_T\u00fcrenFenster-500x102.jpg 500w\" sizes=\"auto, (max-width: 621px) 100vw, 621px\" \/><\/a><\/th>\n<\/tr>\n<tr>\n<td>Geplanter Beginn: KW33<\/td>\n<td><img loading=\"lazy\" decoding=\"async\" src=\"http:\/\/www.bautagebuch.kristin-und-sebastian.de\/wordpress\/wp-content\/uploads\/2014\/05\/gut.png\" alt=\"gut\" width=\"40\" height=\"20\" \/><\/td>\n<td>Abschluss: KW34<\/td>\n<td><img loading=\"lazy\" decoding=\"async\" src=\"http:\/\/www.bautagebuch.kristin-und-sebastian.de\/wordpress\/wp-content\/uploads\/2014\/05\/gut.png\" alt=\"gut\" width=\"40\" height=\"20\" \/><\/td>\n<\/tr>\n<tr>\n<td colspan=\"2\">Alpha Bau GmbH, 23566 L\u00fcbeck<\/td>\n<td colspan=\"2\"><img loading=\"lazy\" decoding=\"async\" src=\"http:\/\/www.bautagebuch.kristin-und-sebastian.de\/wordpress\/wp-content\/uploads\/2014\/04\/stars2.png\" alt=\"stars2\" width=\"150\" height=\"30\" \/><\/td>\n<\/tr>\n<tr>\n<td colspan=\"4\">Da meine Elektroarbeiten noch nicht fertig waren, musste ich den Innenputz verschieben. Keine ungew\u00f6hnliche Sache im Baugesch\u00e4ft. Aber der Gesch\u00e4ftsf\u00fchrer der Alpha Bau GmbH ist da anderer Meinung. Meiner Meinung nach, ein sehr unh\u00f6flicher Choleriker. Die Person im B\u00fcro ist mir gegen\u00fcber ebenfalls nicht sehr h\u00f6flich gewesen. Ohne pers\u00f6nliche Vorstellung wurde ich am Telefon gleich genervt empfangen.<br \/>\nDie Bauarbeiter auf der Baustelle waren zu Beginn sehr freundlich und nett. Nachdem ich sie jedoch gebeten habe, meine Leiter zu reinigen (die von ihnen sehr stark mit Putz verschmutzt wurde) und ein 15cm gro\u00dfes Loch in der Wand, wie eigentlich erwartet, zu verschlie\u00dfen, wurde einer von ihnen (Herr Pekin) mir gegen\u00fcber sehr unh\u00f6flich. Es kamen nicht nachvollziehbare Ausreden und unn\u00f6tige Diskusionen. Nach 20 min\u00fctiger Diskussion haben die beiden die Leiter dann jedoch in 10 Minuten ordentlich gereinigt. Weiterhin wurden meine Terrassent\u00fcren nicht verschlossen und schlugen durch den Wind gegen die Laibung und die Gurte unserer Roll\u00e4den wurden stark verschmutzt. Der Putz ist an vielen Stellen rund oder schr\u00e4g geputzt worden. Siehe Fotos. Die Putzst\u00e4rke von 10-15mm wurde nicht eigehalten. Die Ma\u00dftoleranzen von 3-5mm wurden mehrfach deutlich \u00fcberschritten und mussten nachgearbeitet werden. Ich w\u00fcrde die Alpha Bau GmbH in L\u00fcbeck privat <strong>nicht<\/strong> beauftragen.<\/td>\n<\/tr>\n<\/tbody>\n<\/table>\n<table>\n<tbody>\n<tr>\n<th style=\"font-size: 18px\" colspan=\"4\">Fu\u00dfbodend\u00e4mmung<\/th>\n<\/tr>\n<tr>\n<th colspan=\"4\"><img loading=\"lazy\" decoding=\"async\" class=\"aligncenter wp-image-565\" src=\"http:\/\/www.bautagebuch.kristin-und-sebastian.de\/wordpress\/wp-content\/uploads\/2014\/05\/16_Elektrik1.jpg\" alt=\"16_Elektrik1\" width=\"621\" height=\"133\" srcset=\"http:\/\/www.bautagebuch.kristin-und-sebastian.de\/wordpress\/wp-content\/uploads\/2014\/05\/16_Elektrik1.jpg 724w, http:\/\/www.bautagebuch.kristin-und-sebastian.de\/wordpress\/wp-content\/uploads\/2014\/05\/16_Elektrik1-300x64.jpg 300w, http:\/\/www.bautagebuch.kristin-und-sebastian.de\/wordpress\/wp-content\/uploads\/2014\/05\/16_Elektrik1-500x107.jpg 500w\" sizes=\"auto, (max-width: 621px) 100vw, 621px\" \/><\/th>\n<\/tr>\n<tr>\n<td>Geplanter Beginn: KW36<\/td>\n<td><img loading=\"lazy\" decoding=\"async\" src=\"http:\/\/www.bautagebuch.kristin-und-sebastian.de\/wordpress\/wp-content\/uploads\/2014\/05\/gut.png\" alt=\"gut\" width=\"40\" height=\"20\" \/><\/td>\n<td>Abschluss: KW39<\/td>\n<td><img loading=\"lazy\" decoding=\"async\" src=\"http:\/\/www.bautagebuch.kristin-und-sebastian.de\/wordpress\/wp-content\/uploads\/2014\/05\/durchschnittlich.png\" alt=\"gut\" width=\"40\" height=\"20\" \/><\/td>\n<\/tr>\n<tr>\n<td colspan=\"2\">Rohwer<\/td>\n<td colspan=\"2\"><img loading=\"lazy\" decoding=\"async\" src=\"http:\/\/www.bautagebuch.kristin-und-sebastian.de\/wordpress\/wp-content\/uploads\/2014\/04\/stars5.png\" alt=\"stars5\" width=\"150\" height=\"30\" \/><\/td>\n<\/tr>\n<tr>\n<td colspan=\"4\">Die Fu\u00dfbodend\u00e4mmung wurde vom selben Bauarbeiter eingebaut, der die Sohle abgedichtet hat. Es wurde alles fachgerecht verlegt und abgedichtet.<\/td>\n<\/tr>\n<\/tbody>\n<\/table>\n<table>\n<tbody>\n<tr>\n<th style=\"font-size: 18px\" colspan=\"4\">FuSSbodenheizung<\/th>\n<\/tr>\n<tr>\n<th colspan=\"4\"><img loading=\"lazy\" decoding=\"async\" class=\"aligncenter wp-image-565\" src=\"http:\/\/www.bautagebuch.kristin-und-sebastian.de\/wordpress\/wp-content\/uploads\/2014\/05\/16_Elektrik1.jpg\" alt=\"16_Elektrik1\" width=\"621\" height=\"133\" srcset=\"http:\/\/www.bautagebuch.kristin-und-sebastian.de\/wordpress\/wp-content\/uploads\/2014\/05\/16_Elektrik1.jpg 724w, http:\/\/www.bautagebuch.kristin-und-sebastian.de\/wordpress\/wp-content\/uploads\/2014\/05\/16_Elektrik1-300x64.jpg 300w, http:\/\/www.bautagebuch.kristin-und-sebastian.de\/wordpress\/wp-content\/uploads\/2014\/05\/16_Elektrik1-500x107.jpg 500w\" sizes=\"auto, (max-width: 621px) 100vw, 621px\" \/><\/th>\n<\/tr>\n<tr>\n<td>Geplanter Beginn: KW38<\/td>\n<td><img loading=\"lazy\" decoding=\"async\" src=\"http:\/\/www.bautagebuch.kristin-und-sebastian.de\/wordpress\/wp-content\/uploads\/2014\/05\/gut.png\" alt=\"gut\" width=\"40\" height=\"20\" \/><\/td>\n<td>Abschluss: KW39<\/td>\n<td><img loading=\"lazy\" decoding=\"async\" src=\"http:\/\/www.bautagebuch.kristin-und-sebastian.de\/wordpress\/wp-content\/uploads\/2014\/05\/durchschnittlich.png\" alt=\"gut\" width=\"40\" height=\"20\" \/><\/td>\n<\/tr>\n<tr>\n<td colspan=\"2\">Von Firma Wilke beauftragtes unbekanntes Subunternehmen<\/td>\n<td colspan=\"2\"><img loading=\"lazy\" decoding=\"async\" src=\"http:\/\/www.bautagebuch.kristin-und-sebastian.de\/wordpress\/wp-content\/uploads\/2014\/04\/stars4.png\" alt=\"stars4\" width=\"150\" height=\"30\" \/><\/td>\n<\/tr>\n<tr>\n<td colspan=\"4\">Die Fu\u00dfbodenheizung wurde allgemein fachgerecht verlegt. Die Abst\u00e4nde sollten 10cm in den B\u00e4dern und 15cm in allen \u00fcbrigen R\u00e4umen sein. Leider wurde nicht in allen R\u00e4umen gleichm\u00e4\u00dfig verlegt. Die verwendete Folie entspricht nicht der \u00fcblichen Verlegefolie f\u00fcr Fu\u00dfbodenheizungen mit Raster. Die Folie wurde nicht verklebt. Unter den K\u00fcchenschr\u00e4nken wurde Fu\u00dfbodenheizung verlegt. Auszulassene Bereiche wurden nicht planm\u00e4\u00dfig oder gar nicht ausgelassen. Trotzdem vier Sterne, da es fachlich, bis auf die ungleichm\u00e4\u00dfgen Verlegeabst\u00e4nde, nichts zu bem\u00e4ngeln gibt.<\/td>\n<\/tr>\n<\/tbody>\n<\/table>\n<table>\n<tbody>\n<tr>\n<th style=\"font-size: 18px\" colspan=\"4\">Estrich<\/th>\n<\/tr>\n<tr>\n<th colspan=\"4\"><img loading=\"lazy\" decoding=\"async\" class=\"aligncenter wp-image-566\" src=\"http:\/\/www.bautagebuch.kristin-und-sebastian.de\/wordpress\/wp-content\/uploads\/2014\/05\/17_Innenputz.jpg\" alt=\"17_Innenputz\" width=\"621\" height=\"146\" srcset=\"http:\/\/www.bautagebuch.kristin-und-sebastian.de\/wordpress\/wp-content\/uploads\/2014\/05\/17_Innenputz.jpg 724w, http:\/\/www.bautagebuch.kristin-und-sebastian.de\/wordpress\/wp-content\/uploads\/2014\/05\/17_Innenputz-300x70.jpg 300w, http:\/\/www.bautagebuch.kristin-und-sebastian.de\/wordpress\/wp-content\/uploads\/2014\/05\/17_Innenputz-500x117.jpg 500w\" sizes=\"auto, (max-width: 621px) 100vw, 621px\" \/><\/th>\n<\/tr>\n<tr>\n<td>Geplanter Beginn: 39KW<\/td>\n<td><img loading=\"lazy\" decoding=\"async\" src=\"http:\/\/www.bautagebuch.kristin-und-sebastian.de\/wordpress\/wp-content\/uploads\/2014\/05\/durchschnittlich.png\" alt=\"gut\" width=\"40\" height=\"20\" \/><\/td>\n<td>Abschluss: 43KW<\/td>\n<td><img loading=\"lazy\" decoding=\"async\" src=\"http:\/\/www.bautagebuch.kristin-und-sebastian.de\/wordpress\/wp-content\/uploads\/2014\/05\/schlecht.png\" alt=\"gut\" width=\"40\" height=\"20\" \/><\/td>\n<\/tr>\n<tr>\n<td colspan=\"2\">Rohwer<\/td>\n<td colspan=\"2\"><img loading=\"lazy\" decoding=\"async\" src=\"http:\/\/www.bautagebuch.kristin-und-sebastian.de\/wordpress\/wp-content\/uploads\/2014\/04\/stars5.png\" alt=\"stars5\" width=\"150\" height=\"30\" \/><\/td>\n<\/tr>\n<tr>\n<td colspan=\"4\">Der Estrich wurde an einem Tag mit drei Leuten eingebracht. Hier wurde sehr ordentlich und sauber gearbeitet.<\/td>\n<\/tr>\n<\/tbody>\n<\/table>\n<table>\n<tbody>\n<tr>\n<th style=\"font-size: 18px\" colspan=\"4\">Fliesenarbeiten<\/th>\n<\/tr>\n<tr>\n<th colspan=\"4\"><a href=\"http:\/\/www.bautagebuch.kristin-und-sebastian.de\/wordpress\/wp-content\/uploads\/2014\/05\/18_Trockenausbau2.jpg\"><img loading=\"lazy\" decoding=\"async\" class=\"aligncenter wp-image-567\" src=\"http:\/\/www.bautagebuch.kristin-und-sebastian.de\/wordpress\/wp-content\/uploads\/2014\/05\/18_Trockenausbau2.jpg\" alt=\"18_Trockenausbau2\" width=\"621\" height=\"108\" srcset=\"http:\/\/www.bautagebuch.kristin-und-sebastian.de\/wordpress\/wp-content\/uploads\/2014\/05\/18_Trockenausbau2.jpg 726w, http:\/\/www.bautagebuch.kristin-und-sebastian.de\/wordpress\/wp-content\/uploads\/2014\/05\/18_Trockenausbau2-300x52.jpg 300w, http:\/\/www.bautagebuch.kristin-und-sebastian.de\/wordpress\/wp-content\/uploads\/2014\/05\/18_Trockenausbau2-500x86.jpg 500w\" sizes=\"auto, (max-width: 621px) 100vw, 621px\" \/><\/a><\/th>\n<\/tr>\n<tr>\n<td>Geplanter Beginn: 47KW<\/td>\n<td><img loading=\"lazy\" decoding=\"async\" src=\"http:\/\/www.bautagebuch.kristin-und-sebastian.de\/wordpress\/wp-content\/uploads\/2014\/05\/gut.png\" alt=\"gut\" width=\"40\" height=\"20\" \/><\/td>\n<td>Abschluss: 48KW<\/td>\n<td><img loading=\"lazy\" decoding=\"async\" src=\"http:\/\/www.bautagebuch.kristin-und-sebastian.de\/wordpress\/wp-content\/uploads\/2014\/05\/gut.png\" alt=\"gut\" width=\"40\" height=\"20\" \/><\/td>\n<\/tr>\n<tr>\n<td colspan=\"2\">Firma Frank Kriewitz<\/td>\n<td colspan=\"2\"><img loading=\"lazy\" decoding=\"async\" src=\"http:\/\/www.bautagebuch.kristin-und-sebastian.de\/wordpress\/wp-content\/uploads\/2014\/04\/stars5.png\" alt=\"stars5\" width=\"150\" height=\"30\" \/><\/td>\n<\/tr>\n<tr>\n<td colspan=\"4\">Die Fliesen wurde mit h\u00f6chster Genauigkeit verlegt. Alles ist akurat, gerade und sauber.<\/td>\n<\/tr>\n<\/tbody>\n<\/table>\n<table>\n<tbody>\n<tr>\n<th style=\"font-size: 18px\" colspan=\"4\">Maler, Innent\u00fcren, Treppe, Bodentreppe<\/th>\n<\/tr>\n<tr>\n<th colspan=\"4\"><a href=\"http:\/\/www.bautagebuch.kristin-und-sebastian.de\/wordpress\/wp-content\/uploads\/2014\/05\/19_.jpg\"><img loading=\"lazy\" decoding=\"async\" class=\"aligncenter wp-image-677\" src=\"http:\/\/www.bautagebuch.kristin-und-sebastian.de\/wordpress\/wp-content\/uploads\/2014\/05\/19_.jpg\" alt=\"19_\" width=\"621\" height=\"115\" srcset=\"http:\/\/www.bautagebuch.kristin-und-sebastian.de\/wordpress\/wp-content\/uploads\/2014\/05\/19_.jpg 726w, http:\/\/www.bautagebuch.kristin-und-sebastian.de\/wordpress\/wp-content\/uploads\/2014\/05\/19_-300x55.jpg 300w, http:\/\/www.bautagebuch.kristin-und-sebastian.de\/wordpress\/wp-content\/uploads\/2014\/05\/19_-500x92.jpg 500w\" sizes=\"auto, (max-width: 621px) 100vw, 621px\" \/><\/a><\/th>\n<\/tr>\n<tr>\n<td>Geplanter Beginn: 49W<\/td>\n<td><img loading=\"lazy\" decoding=\"async\" src=\"http:\/\/www.bautagebuch.kristin-und-sebastian.de\/wordpress\/wp-content\/uploads\/2014\/05\/gut.png\" alt=\"gut\" width=\"40\" height=\"20\" \/><\/td>\n<td>Abschluss: 51KW<\/td>\n<td><img loading=\"lazy\" decoding=\"async\" src=\"http:\/\/www.bautagebuch.kristin-und-sebastian.de\/wordpress\/wp-content\/uploads\/2014\/05\/durchschnittlich.png\" alt=\"gut\" width=\"40\" height=\"20\" \/><\/td>\n<\/tr>\n<tr>\n<td colspan=\"2\">Maler Kurzweg, Malerarbeiten<\/td>\n<td colspan=\"2\"><img loading=\"lazy\" decoding=\"async\" src=\"http:\/\/www.bautagebuch.kristin-und-sebastian.de\/wordpress\/wp-content\/uploads\/2014\/04\/stars5.png\" alt=\"stars5\" width=\"150\" height=\"30\" \/><\/td>\n<\/tr>\n<tr>\n<td colspan=\"4\">Zwei Maler der Fa. Kurzweg aus Ueckerm\u00fcnde haben unseren Flur und HWR mit Brillux Floxx beschichtet und versiegelt. Diese Arbeit wurde sehr gr\u00fcndlich und kompetent ausgef\u00fchrt. Die Floxx wurden gleichm\u00e4\u00dfig und sauber aufgetragen. Das Tapezieren der Decken mit Rauhfaser wurde in einem &#8222;Spitzentempo&#8220; durchgef\u00fchrt. Das hab ich noch nicht gesehen. Und alles sehr sauber.<\/td>\n<\/tr>\n<tr>\n<td colspan=\"2\">Brauer Montagebau GmbH, Innent\u00fcren<\/td>\n<td colspan=\"2\"><img loading=\"lazy\" decoding=\"async\" src=\"http:\/\/www.bautagebuch.kristin-und-sebastian.de\/wordpress\/wp-content\/uploads\/2014\/04\/stars5.png\" alt=\"stars5\" width=\"150\" height=\"30\" \/><\/td>\n<\/tr>\n<tr>\n<td colspan=\"4\">Die Innent\u00fcren wurden ordentlich eingebaut. Mittlerweile schwenken einigige T\u00fcren von allein auf oder zu. Ich wei\u00df jedoch nicht genau, ob das am Einbau liegt oder sowieso passiert w\u00e4re.<\/td>\n<\/tr>\n<tr>\n<td colspan=\"2\">Ratekau GmbH, Treppe<\/td>\n<td colspan=\"2\"><img loading=\"lazy\" decoding=\"async\" src=\"http:\/\/www.bautagebuch.kristin-und-sebastian.de\/wordpress\/wp-content\/uploads\/2014\/04\/stars5.png\" alt=\"stars5\" width=\"150\" height=\"30\" \/><\/td>\n<\/tr>\n<tr>\n<td colspan=\"4\">Die Treppe wurde am 15.12.2014 vormittags, kurz vor unserem Einzug eingebaut. Das war im Gesamtzeitplan sehr knapp. Aber wir sind froh, dass das so zuverl\u00e4ssig geklappt hat. Eine Stufe war besch\u00e4digt. Wurde aber nach Ank\u00fcndigung anstandslos ausgetauscht.<\/td>\n<\/tr>\n<tr>\n<td colspan=\"2\">Dachdeckerei-Zimmerer-Priegnitz, Bodentreppe<\/td>\n<td colspan=\"2\"><img loading=\"lazy\" decoding=\"async\" src=\"http:\/\/www.bautagebuch.kristin-und-sebastian.de\/wordpress\/wp-content\/uploads\/2014\/04\/stars4.png\" alt=\"stars4\" width=\"150\" height=\"30\" \/><\/td>\n<\/tr>\n<tr>\n<td colspan=\"4\">Es wurde eine besch\u00e4digte Bodentreppe eingebaut. Die wei\u00dfe Abdeckung der Bodenlucke war von Wasser aufgequollen. Im Gegensatz zur Firma Brauer Montagebau GmbH, wurde uns oder dem Bauleiter der Schaden nicht mitgeteilt und musste erst \u00fcber eine M\u00e4ngelr\u00fcge angezeigt werden. Deshalb gibt es zwei Sterne Abzug. Die Dachdeckerei-Zimmerer-Priegnitz hat ansonsten jedoch alle Arbeiten mit am Besten ausgef\u00fchrt, + 1 Stern.<\/td>\n<\/tr>\n<\/tbody>\n<\/table>\n<table>\n<tbody>\n<tr>\n<th style=\"font-size: 18px\" colspan=\"4\">Bauabnahme<\/th>\n<\/tr>\n<tr>\n<th colspan=\"4\"><a href=\"http:\/\/www.bautagebuch.kristin-und-sebastian.de\/wordpress\/wp-content\/uploads\/2014\/05\/20_.jpg\"><img loading=\"lazy\" decoding=\"async\" class=\"aligncenter wp-image-678\" src=\"http:\/\/www.bautagebuch.kristin-und-sebastian.de\/wordpress\/wp-content\/uploads\/2014\/05\/20_.jpg\" alt=\"20_\" width=\"621\" height=\"130\" srcset=\"http:\/\/www.bautagebuch.kristin-und-sebastian.de\/wordpress\/wp-content\/uploads\/2014\/05\/20_.jpg 729w, http:\/\/www.bautagebuch.kristin-und-sebastian.de\/wordpress\/wp-content\/uploads\/2014\/05\/20_-300x62.jpg 300w, http:\/\/www.bautagebuch.kristin-und-sebastian.de\/wordpress\/wp-content\/uploads\/2014\/05\/20_-500x104.jpg 500w\" sizes=\"auto, (max-width: 621px) 100vw, 621px\" \/><\/a><\/th>\n<\/tr>\n<tr>\n<td>Geplanter Beginn: 47KW<\/td>\n<td><img loading=\"lazy\" decoding=\"async\" src=\"http:\/\/www.bautagebuch.kristin-und-sebastian.de\/wordpress\/wp-content\/uploads\/2014\/05\/gut.png\" alt=\"gut\" width=\"40\" height=\"20\" \/><\/td>\n<td>Abschluss: 51KW<\/td>\n<td><img loading=\"lazy\" decoding=\"async\" src=\"http:\/\/www.bautagebuch.kristin-und-sebastian.de\/wordpress\/wp-content\/uploads\/2014\/05\/schlecht.png\" alt=\"gut\" width=\"40\" height=\"20\" \/><\/td>\n<\/tr>\n<tr>\n<td colspan=\"2\">Team Massivhaus GmbH<\/td>\n<td colspan=\"2\"><img loading=\"lazy\" decoding=\"async\" src=\"http:\/\/www.bautagebuch.kristin-und-sebastian.de\/wordpress\/wp-content\/uploads\/2014\/04\/stars3.png\" alt=\"stars3\" width=\"150\" height=\"30\" \/><\/td>\n<\/tr>\n<tr>\n<td colspan=\"4\">Die Bauzeit wurde um 5 Wochen \u00fcberschritten. Es w\u00e4re eigentlich sogar schneller geschafft worden, wenn unser Bauleiter besser kommuniziert h\u00e4tte. Die Bauabnahme verlief unseren Erwartungen entsprechend. Es wurde alles notwendige aufgenommen. N\u00e4here Einzelheiten zu Team Massivhaus folgen im M\u00e4rz 2015 unter &#8222;Bautagebuch&#8220;<\/td>\n<\/tr>\n<\/tbody>\n<\/table>\n<p>War dieser Beitrag eine hilfreiche Information f\u00fcr Dich?<br \/>\n<span id=\"post-ratings-312\" class=\"post-ratings\" data-nonce=\"2425bbed19\"><img decoding=\"async\" id=\"rating_312_1\" src=\"http:\/\/www.bautagebuch.kristin-und-sebastian.de\/wordpress\/wp-content\/plugins\/wp-postratings\/images\/tickcross\/rating_1_on.gif\" alt=\"Vote Down\" title=\"Vote Down\" onmouseover=\"current_rating(312, 1, 'Vote Down');\" onmouseout=\"ratings_off(1, 0, 0);\" onclick=\"rate_post();\" onkeypress=\"rate_post();\" style=\"cursor: pointer; border: 0px;\" \/><img decoding=\"async\" id=\"rating_312_2\" src=\"http:\/\/www.bautagebuch.kristin-und-sebastian.de\/wordpress\/wp-content\/plugins\/wp-postratings\/images\/tickcross\/rating_2_off.gif\" alt=\"Vote Up\" title=\"Vote Up\" onmouseover=\"current_rating(312, 2, 'Vote Up');\" onmouseout=\"ratings_off(1, 0, 0);\" onclick=\"rate_post();\" onkeypress=\"rate_post();\" style=\"cursor: pointer; border: 0px;\" \/> (<strong>+13<\/strong> rating, <strong>13<\/strong> votes)<br \/><span class=\"post-ratings-text\" id=\"ratings_312_text\"><\/span><\/span><span id=\"post-ratings-312-loading\" class=\"post-ratings-loading\"><img loading=\"lazy\" decoding=\"async\" src=\"http:\/\/www.bautagebuch.kristin-und-sebastian.de\/wordpress\/wp-content\/plugins\/wp-postratings\/images\/loading.gif\" width=\"16\" height=\"16\" class=\"post-ratings-image\" \/>Loading...<\/span>\n<p>Bei Fragen zu unserem Bauverlauf, k\u00f6nnen Sie uns jederzeit kontaktieren.<\/p>\n","protected":false},"excerpt":{"rendered":"<p>Einwinkeln des Hauses \u00a0 Geplanter Beginn: ??? Abschluss: 07.05.2014 Dipl.-Ing. Carsten de Vries Das Haus wurde erfolgreich abgesteckt. Bauanlaufgespr\u00e4ch Geplanter Beginn: 22.04.2014 Abschluss: 08.05.2014 TEAM Massivhaus GmbH Eine Sichtpr\u00fcfung der Absteckung des Hauses (zusammen mit dem Gutachter) ergab keine Auff\u00e4lligkeiten. &hellip; <a href=\"http:\/\/www.bautagebuch.kristin-und-sebastian.de\/?p=312\">Weiterlesen <span class=\"meta-nav\">&rarr;<\/span><\/a><\/p>\n","protected":false},"author":3,"featured_media":0,"comment_status":"closed","ping_status":"closed","sticky":false,"template":"","format":"standard","meta":{"footnotes":""},"categories":[11],"tags":[],"class_list":["post-312","post","type-post","status-publish","format-standard","hentry","category-baufortschritt"],"aioseo_notices":[],"_links":{"self":[{"href":"http:\/\/www.bautagebuch.kristin-und-sebastian.de\/index.php?rest_route=\/wp\/v2\/posts\/312","targetHints":{"allow":["GET"]}}],"collection":[{"href":"http:\/\/www.bautagebuch.kristin-und-sebastian.de\/index.php?rest_route=\/wp\/v2\/posts"}],"about":[{"href":"http:\/\/www.bautagebuch.kristin-und-sebastian.de\/index.php?rest_route=\/wp\/v2\/types\/post"}],"author":[{"embeddable":true,"href":"http:\/\/www.bautagebuch.kristin-und-sebastian.de\/index.php?rest_route=\/wp\/v2\/users\/3"}],"replies":[{"embeddable":true,"href":"http:\/\/www.bautagebuch.kristin-und-sebastian.de\/index.php?rest_route=%2Fwp%2Fv2%2Fcomments&post=312"}],"version-history":[{"count":37,"href":"http:\/\/www.bautagebuch.kristin-und-sebastian.de\/index.php?rest_route=\/wp\/v2\/posts\/312\/revisions"}],"predecessor-version":[{"id":679,"href":"http:\/\/www.bautagebuch.kristin-und-sebastian.de\/index.php?rest_route=\/wp\/v2\/posts\/312\/revisions\/679"}],"wp:attachment":[{"href":"http:\/\/www.bautagebuch.kristin-und-sebastian.de\/index.php?rest_route=%2Fwp%2Fv2%2Fmedia&parent=312"}],"wp:term":[{"taxonomy":"category","embeddable":true,"href":"http:\/\/www.bautagebuch.kristin-und-sebastian.de\/index.php?rest_route=%2Fwp%2Fv2%2Fcategories&post=312"},{"taxonomy":"post_tag","embeddable":true,"href":"http:\/\/www.bautagebuch.kristin-und-sebastian.de\/index.php?rest_route=%2Fwp%2Fv2%2Ftags&post=312"}],"curies":[{"name":"wp","href":"https:\/\/api.w.org\/{rel}","templated":true}]}}