{"id":251,"date":"2014-03-22T10:28:29","date_gmt":"2014-03-22T09:28:29","guid":{"rendered":"http:\/\/www.bautagebuch.kristin-und-sebastian.de\/?p=251"},"modified":"2014-03-25T10:56:09","modified_gmt":"2014-03-25T09:56:09","slug":"schriftliche-genehmigung-auf-befreiung-von-festsetzungen-des-bebauungsplanes","status":"publish","type":"post","link":"http:\/\/www.bautagebuch.kristin-und-sebastian.de\/?p=251","title":{"rendered":"Schriftliche Genehmigung auf Befreiung von Festsetzungen des Bebauungsplanes"},"content":{"rendered":"<p>Heute ist die schriftliche Genehmigung f\u00fcr unseren Garagenbau eingetroffen. Wir d\u00fcrfen nun offiziell unsere Garage nach unseren Vorstellungen bauen. Das hei\u00dft, es wird eine Doppelgarage mit ca. 7 m Breite und 6 m L\u00e4nge. Damit wir uns nicht die Hauseingangst\u00fcr mit der Garage zubauen, d\u00fcrfen wir nun auch etwas \u00fcber die hintere Baugrenze hinaus.<\/p>\n<p>Wenn man mit dem Bauamt telefoniert, klingt es immer so als ob jede kleinste Abweichung eine gro\u00dfe Sache w\u00e4re und ein Antrag aufwendig, kostspielig und eigentlich v\u00f6llig umsonst w\u00e4re. Nun wurde unsere \u00dcberschreitung von 1,5 m sogar als geringf\u00fcgig eingestuft.<\/p>\n<p><a href=\"http:\/\/www.bautagebuch.kristin-und-sebastian.de\/wordpress\/wp-content\/uploads\/2014\/03\/Befreiungsbescheid.jpg\"><img loading=\"lazy\" decoding=\"async\" class=\"alignleft size-large wp-image-252\" alt=\"Befreiungsbescheid\" src=\"http:\/\/www.bautagebuch.kristin-und-sebastian.de\/wordpress\/wp-content\/uploads\/2014\/03\/Befreiungsbescheid-1024x261.jpg\" width=\"584\" height=\"148\" srcset=\"http:\/\/www.bautagebuch.kristin-und-sebastian.de\/wordpress\/wp-content\/uploads\/2014\/03\/Befreiungsbescheid-1024x261.jpg 1024w, http:\/\/www.bautagebuch.kristin-und-sebastian.de\/wordpress\/wp-content\/uploads\/2014\/03\/Befreiungsbescheid-300x76.jpg 300w, http:\/\/www.bautagebuch.kristin-und-sebastian.de\/wordpress\/wp-content\/uploads\/2014\/03\/Befreiungsbescheid-500x127.jpg 500w, http:\/\/www.bautagebuch.kristin-und-sebastian.de\/wordpress\/wp-content\/uploads\/2014\/03\/Befreiungsbescheid.jpg 1376w\" sizes=\"auto, (max-width: 584px) 100vw, 584px\" \/><\/a><\/p>\n<p>&nbsp;<\/p>\n<p>Der Antrag auf Befreiung kostete etwas \u00fcber 100 \u20ac.<\/p>\n","protected":false},"excerpt":{"rendered":"<p>Heute ist die schriftliche Genehmigung f\u00fcr unseren Garagenbau eingetroffen. Wir d\u00fcrfen nun offiziell unsere Garage nach unseren Vorstellungen bauen. Das hei\u00dft, es wird eine Doppelgarage mit ca. 7 m Breite und 6 m L\u00e4nge. Damit wir uns nicht die Hauseingangst\u00fcr &hellip; <a href=\"http:\/\/www.bautagebuch.kristin-und-sebastian.de\/?p=251\">Weiterlesen <span class=\"meta-nav\">&rarr;<\/span><\/a><\/p>\n","protected":false},"author":3,"featured_media":0,"comment_status":"closed","ping_status":"closed","sticky":false,"template":"","format":"standard","meta":{"footnotes":""},"categories":[3],"tags":[],"class_list":["post-251","post","type-post","status-publish","format-standard","hentry","category-bautagebuch"],"aioseo_notices":[],"_links":{"self":[{"href":"http:\/\/www.bautagebuch.kristin-und-sebastian.de\/index.php?rest_route=\/wp\/v2\/posts\/251","targetHints":{"allow":["GET"]}}],"collection":[{"href":"http:\/\/www.bautagebuch.kristin-und-sebastian.de\/index.php?rest_route=\/wp\/v2\/posts"}],"about":[{"href":"http:\/\/www.bautagebuch.kristin-und-sebastian.de\/index.php?rest_route=\/wp\/v2\/types\/post"}],"author":[{"embeddable":true,"href":"http:\/\/www.bautagebuch.kristin-und-sebastian.de\/index.php?rest_route=\/wp\/v2\/users\/3"}],"replies":[{"embeddable":true,"href":"http:\/\/www.bautagebuch.kristin-und-sebastian.de\/index.php?rest_route=%2Fwp%2Fv2%2Fcomments&post=251"}],"version-history":[{"count":3,"href":"http:\/\/www.bautagebuch.kristin-und-sebastian.de\/index.php?rest_route=\/wp\/v2\/posts\/251\/revisions"}],"predecessor-version":[{"id":256,"href":"http:\/\/www.bautagebuch.kristin-und-sebastian.de\/index.php?rest_route=\/wp\/v2\/posts\/251\/revisions\/256"}],"wp:attachment":[{"href":"http:\/\/www.bautagebuch.kristin-und-sebastian.de\/index.php?rest_route=%2Fwp%2Fv2%2Fmedia&parent=251"}],"wp:term":[{"taxonomy":"category","embeddable":true,"href":"http:\/\/www.bautagebuch.kristin-und-sebastian.de\/index.php?rest_route=%2Fwp%2Fv2%2Fcategories&post=251"},{"taxonomy":"post_tag","embeddable":true,"href":"http:\/\/www.bautagebuch.kristin-und-sebastian.de\/index.php?rest_route=%2Fwp%2Fv2%2Ftags&post=251"}],"curies":[{"name":"wp","href":"https:\/\/api.w.org\/{rel}","templated":true}]}}