{"id":213,"date":"2013-12-08T10:30:01","date_gmt":"2013-12-08T09:30:01","guid":{"rendered":"http:\/\/www.bautagebuch.kristin-und-sebastian.de\/?p=213"},"modified":"2014-03-22T21:52:57","modified_gmt":"2014-03-22T20:52:57","slug":"antrag-auf-befreiung-von-festsetzungen-des-bebauungsplanes","status":"publish","type":"post","link":"http:\/\/www.bautagebuch.kristin-und-sebastian.de\/?p=213","title":{"rendered":"Antrag auf Befreiung von Festsetzungen des Bebauungsplanes"},"content":{"rendered":"<p>Unsere Garage. In der vergangenen Planungszeit haben wir immer wieder hin und her \u00fcberlegt, wie unsere Garage aussehen soll. Sie sollte auf jeden Fall Zugang zum Haus haben, im selben Stein wie das Haus gemauert sein und nach M\u00f6glichkeit Platz f\u00fcr Werkzeuge, Werkzeugbank und Winterr\u00e4der bieten.<\/p>\n<p>Erst war es nur eine Einzelgarage direkt an der Grundst\u00fccksgrenze zum Nachbarn und mit viel Platz f\u00fcr Ger\u00e4te und Werkzeuge sowie mit zwei Meter breitem &#8222;Durchgangsschlauch&#8220; zum Haus. Eins von Zwei Fahrzeugen h\u00e4tte drau\u00dfen stehen m\u00fcssen. Vielleicht unter einem Carport zwischen Garage und Haus. Das Carportdach h\u00e4tte dem K\u00fcchenfenster und damit der K\u00fcche das Licht genommen. So hatten wir uns das nicht vorgestellt. Aber der Bebauungsplan gab irgendwie nichts anderes her. Der bebaubare Bereich war einfach zu schmal. Eine Doppelgarage h\u00e4tte f\u00fcr eins der beiden\u00a0 Fahrzeuge zu wenig Platz geboten und die Garage w\u00e4re zu nah an der Hauseingangst\u00fcr gewesen.<\/p>\n<p>Wir wollten dennoch eine Doppelgarage haben. Die einzige M\u00f6glichkeit f\u00fcr uns an eine vern\u00fcnftig nutzbare Doppelgarage zu kommen war eine Ausnahmegenehmigung des B-Plans. Denn den Grundriss wollten wir jetzt nicht nochmal komplett umplanen. Also machte ich eine Zeichnung und ein Anschreiben f\u00fcr das Bauamt\/Abteilung Stadtplanung. Im Anschreiben beantragten wir eine Genehmigung f\u00fcr die \u00dcberschreitung der Baugrenze um 1,5 Meter. Nat\u00fcrlich mit ausf\u00fchrlicher Begr\u00fcndung, weshalb wir uns nicht an die Vorgaben halten wollen.<\/p>\n<p><img loading=\"lazy\" decoding=\"async\" class=\"alignleft  wp-image-214\" alt=\"Zeichnung Doppelgarage\" src=\"http:\/\/www.bautagebuch.kristin-und-sebastian.de\/wordpress\/wp-content\/uploads\/2014\/03\/Abweichung-vom-B-Plan-735x1024.jpg\" width=\"584\" height=\"813\" srcset=\"http:\/\/www.bautagebuch.kristin-und-sebastian.de\/wordpress\/wp-content\/uploads\/2014\/03\/Abweichung-vom-B-Plan-735x1024.jpg 735w, http:\/\/www.bautagebuch.kristin-und-sebastian.de\/wordpress\/wp-content\/uploads\/2014\/03\/Abweichung-vom-B-Plan-215x300.jpg 215w, http:\/\/www.bautagebuch.kristin-und-sebastian.de\/wordpress\/wp-content\/uploads\/2014\/03\/Abweichung-vom-B-Plan.jpg 1766w\" sizes=\"auto, (max-width: 584px) 100vw, 584px\" \/><\/p>\n<p>&nbsp;<\/p>\n<p>Das erstellte Anschreiben inklusive Zeichnung schickten wir dann heute, den 08.12.2013 ans L\u00fcbecker Bauamt &#8211; Bereich Stadtplanung.<\/p>\n","protected":false},"excerpt":{"rendered":"<p>Unsere Garage. In der vergangenen Planungszeit haben wir immer wieder hin und her \u00fcberlegt, wie unsere Garage aussehen soll. Sie sollte auf jeden Fall Zugang zum Haus haben, im selben Stein wie das Haus gemauert sein und nach M\u00f6glichkeit Platz &hellip; <a href=\"http:\/\/www.bautagebuch.kristin-und-sebastian.de\/?p=213\">Weiterlesen <span class=\"meta-nav\">&rarr;<\/span><\/a><\/p>\n","protected":false},"author":3,"featured_media":0,"comment_status":"closed","ping_status":"closed","sticky":false,"template":"","format":"standard","meta":{"footnotes":""},"categories":[3],"tags":[],"class_list":["post-213","post","type-post","status-publish","format-standard","hentry","category-bautagebuch"],"aioseo_notices":[],"_links":{"self":[{"href":"http:\/\/www.bautagebuch.kristin-und-sebastian.de\/index.php?rest_route=\/wp\/v2\/posts\/213","targetHints":{"allow":["GET"]}}],"collection":[{"href":"http:\/\/www.bautagebuch.kristin-und-sebastian.de\/index.php?rest_route=\/wp\/v2\/posts"}],"about":[{"href":"http:\/\/www.bautagebuch.kristin-und-sebastian.de\/index.php?rest_route=\/wp\/v2\/types\/post"}],"author":[{"embeddable":true,"href":"http:\/\/www.bautagebuch.kristin-und-sebastian.de\/index.php?rest_route=\/wp\/v2\/users\/3"}],"replies":[{"embeddable":true,"href":"http:\/\/www.bautagebuch.kristin-und-sebastian.de\/index.php?rest_route=%2Fwp%2Fv2%2Fcomments&post=213"}],"version-history":[{"count":3,"href":"http:\/\/www.bautagebuch.kristin-und-sebastian.de\/index.php?rest_route=\/wp\/v2\/posts\/213\/revisions"}],"predecessor-version":[{"id":244,"href":"http:\/\/www.bautagebuch.kristin-und-sebastian.de\/index.php?rest_route=\/wp\/v2\/posts\/213\/revisions\/244"}],"wp:attachment":[{"href":"http:\/\/www.bautagebuch.kristin-und-sebastian.de\/index.php?rest_route=%2Fwp%2Fv2%2Fmedia&parent=213"}],"wp:term":[{"taxonomy":"category","embeddable":true,"href":"http:\/\/www.bautagebuch.kristin-und-sebastian.de\/index.php?rest_route=%2Fwp%2Fv2%2Fcategories&post=213"},{"taxonomy":"post_tag","embeddable":true,"href":"http:\/\/www.bautagebuch.kristin-und-sebastian.de\/index.php?rest_route=%2Fwp%2Fv2%2Ftags&post=213"}],"curies":[{"name":"wp","href":"https:\/\/api.w.org\/{rel}","templated":true}]}}