{"id":171,"date":"2013-08-03T11:12:31","date_gmt":"2013-08-03T10:12:31","guid":{"rendered":"http:\/\/www.bautagebuch.kristin-und-sebastian.de\/?p=171"},"modified":"2014-05-13T20:15:29","modified_gmt":"2014-05-13T19:15:29","slug":"der-kamin","status":"publish","type":"post","link":"http:\/\/www.bautagebuch.kristin-und-sebastian.de\/?p=171","title":{"rendered":"Der Kamin"},"content":{"rendered":"<p>Die Planung eines Kamins ist eigentlich keine gro\u00dfe Sache. Der Schornstein inkl. aller \u00d6ffnungen und Anschl\u00fcsse wird von Team Massivhaus gebaut. Den Kaminofen gibt es als Aufstellvariante in 100 verschiedenen Designs fertig zu kaufen und der Anschluss w\u00fcrde vom Ofenbauer innerhalb weniger Stunden erledigt sein.<\/p>\n<p>Aber nicht bei uns. \ud83d\ude42 Ein einfacher Aufstell-Kamin sollte es nicht sein. Ein gemauerter Kamin auch nicht. Der Nachteil eines Kamins ist die mangelde Speicherf\u00e4higkeit der erzeugten W\u00e4rme. Es musste also mindestens ein Kamin<span style=\"text-decoration: underline\"><strong>ofen<\/strong><\/span> sein. Auch hier war uns ein einfacher Aufstell-Kaminofen optisch nicht ansprechend genug, auch wenn er sch\u00f6n platzsparend ist. Ich wollte gerne einen gemauerten Kaminofen. Aber einen, der modern aussieht, also nicht zu viele Kacheln. Kacheln sehen zwar gut aus,w\u00fcrden aber nicht zu unserer Einrichtung passen.<\/p>\n<p><img loading=\"lazy\" decoding=\"async\" class=\"wp-image-175 alignright\" src=\"http:\/\/www.bautagebuch.kristin-und-sebastian.de\/wordpress\/wp-content\/uploads\/2013\/08\/Ansicht-1-206x300.jpg\" alt=\"Musterkamin mit Holzfach\" width=\"206\" height=\"300\" srcset=\"http:\/\/www.bautagebuch.kristin-und-sebastian.de\/wordpress\/wp-content\/uploads\/2013\/08\/Ansicht-1-206x300.jpg 206w, http:\/\/www.bautagebuch.kristin-und-sebastian.de\/wordpress\/wp-content\/uploads\/2013\/08\/Ansicht-1.jpg 550w\" sizes=\"auto, (max-width: 206px) 100vw, 206px\" \/>Wir dachten bei unserem Kaminofen eher an so eine Variante (siehe Bild). Ein Holzfach, eine Eckkasette, 160cm hoch, eventuell noch eine Ofenbank und zum gr\u00f6\u00dften Teil verputzt. Das war so unsere erste Vorstellung.<\/p>\n<p>Au\u00dferdem hatte ich schon seit Jahren die Idee, die im Wohnzimmer erzeugte warme Luft auch in die anderen R\u00e4ume zu leiten. Weil es meistens im Wohnzimmer zu warm ist. Dann wird die T\u00fcr aufgerissen, es wird wieder zu kalt und dann wird nachgelegt. Und die anderen R\u00e4ume werden w\u00e4hrenddessen mit Gas beheizt. Das ist wirklich nicht sehr effektiv.<\/p>\n<p>Um den eben genannten Nachteilen am effektivsten entgegenzuwirken, w\u00e4re ein wassergef\u00fchrter Kaminofen (Kaminkassette) am sinnvollsten. Dieser kann so gut wie nicht \u00fcberheizt werden. Daf\u00fcr ben\u00f6tigt man aber einen Pufferspeicher, auf den wir (aus Kostengr\u00fcnden) erstmal verzichtet haben. Und man ist auf Strom angewiesen. Auch wenn die Pumpe stromsparend sein mag &#8211; das wollten wir nicht!<\/p>\n<p>Nach jahrelangen Recherchen und \u00dcberlegungen erschien mir der Warmluftkaminofen f\u00fcr uns am sinnvollsten. <a href=\"http:\/\/www.bautagebuch.kristin-und-sebastian.de\/wordpress\/wp-content\/uploads\/2014\/03\/kamin.jpg\"><img loading=\"lazy\" decoding=\"async\" class=\"alignleft size-medium wp-image-172\" src=\"http:\/\/www.bautagebuch.kristin-und-sebastian.de\/wordpress\/wp-content\/uploads\/2014\/03\/kamin-277x300.jpg\" alt=\"Warmluftofen Schema\" width=\"277\" height=\"300\" srcset=\"http:\/\/www.bautagebuch.kristin-und-sebastian.de\/wordpress\/wp-content\/uploads\/2014\/03\/kamin-277x300.jpg 277w, http:\/\/www.bautagebuch.kristin-und-sebastian.de\/wordpress\/wp-content\/uploads\/2014\/03\/kamin-946x1024.jpg 946w, http:\/\/www.bautagebuch.kristin-und-sebastian.de\/wordpress\/wp-content\/uploads\/2014\/03\/kamin.jpg 1226w\" sizes=\"auto, (max-width: 277px) 100vw, 277px\" \/><\/a>Die im WZ erzeugte W\u00e4rme wird \u00fcber isolierte und verkleidete Rohrleitungen nach oben in zwei R\u00e4ume geleitet. Deswegen habe ich bei der Grundrissplanung darauf geachtet, dass der Schornstein bzw. der Platz f\u00fcr den Kaminofen zwischen zwei Aufenthaltsr\u00e4umen im Obergeschoss liegt. In unserem Fall sind es das Schlafzimmer und ein Kinder- oder Arbeitszimmer. Das Prinzip ist recht simpel: Die kalte Luft von oben f\u00e4llt in einen Schacht au\u00dferhalb der Isolierung nach unten. Dadurch entsteht oben ein leichter Unterdruck. Die abfallende kalte Luft wird \u00fcber die Strahlungsw\u00e4rme der Kaminkassette erw\u00e4rmt und steigt aufgrund physikalischer Gesetze als erw\u00e4rmte Luft wieder nach oben. Dieser Kreislauf kann selbstverst\u00e4ndlich \u00fcber mechanische Klappen in jedem Raum einzeln gesteuert werden.<\/p>\n<p>Der gro\u00dfe Nachteil dieser Variante ist\u00a0 die aufwendige Planung und der relativ hohe\u00a0 Platzbedarf. F\u00fcr die Planung haben wir uns professionelle Hilfe besorgt. Ein Kaminbauunternehmen aus Neum\u00fcnster (<a title=\"http:\/\/kamin-sievers.de\" href=\"http:\/\/kamin-sievers.de\" target=\"_blank\">http:\/\/kamin-sievers.de<\/a>). Herr M. Hamann war erfreulicherweise sehr offen f\u00fcr diesen Vorschlag und hatte auch schon Erfahrungen mit dem Bau dieser Heizvariante. Wir erkl\u00e4rten und zeigten ihm unsere Pl\u00e4ne und er\u00a0 zeichnete uns ein paar Skizzen und schickte uns ein Angebot \u00fcber 7500,- \u20ac. In diesem Angebot ist die Kaminkassette &#8222;Spartherm Varia 2LR-55h-GET&#8220; und in jedem Fall das komplette Material enthalten.<\/p>\n<p>Wie unser Kamin letztendlich aussehen wird, wissen wir zum aktuellen Zeitpunkt noch nicht. <img loading=\"lazy\" decoding=\"async\" class=\"size-medium wp-image-173 alignright\" src=\"http:\/\/www.bautagebuch.kristin-und-sebastian.de\/wordpress\/wp-content\/uploads\/2014\/03\/kamin2-300x197.jpg\" alt=\"Skizze Kamin\" width=\"300\" height=\"197\" srcset=\"http:\/\/www.bautagebuch.kristin-und-sebastian.de\/wordpress\/wp-content\/uploads\/2014\/03\/kamin2-300x197.jpg 300w, http:\/\/www.bautagebuch.kristin-und-sebastian.de\/wordpress\/wp-content\/uploads\/2014\/03\/kamin2-1024x674.jpg 1024w, http:\/\/www.bautagebuch.kristin-und-sebastian.de\/wordpress\/wp-content\/uploads\/2014\/03\/kamin2-455x300.jpg 455w\" sizes=\"auto, (max-width: 300px) 100vw, 300px\" \/>Eine grobe Skizze habe ich bereits angefertigt (siehe Bild), um ungef\u00e4hr einen Eindruck zu gewinnen, wieviel Platz ein Kaminofen in unserem Wohnzimmer einnehmen wird. Aber ich bin sicher, dass wir nach Baubeginn nochmal die Optik und die Gr\u00f6\u00dfe unseres Kaminofens anpassen werden.<\/p>\n<p>War dieser Beitrag eine hilfreiche Information f\u00fcr Dich?<br \/>\n<span id=\"post-ratings-171\" class=\"post-ratings\" data-nonce=\"727c8e6661\"><img decoding=\"async\" id=\"rating_171_1\" src=\"http:\/\/www.bautagebuch.kristin-und-sebastian.de\/wordpress\/wp-content\/plugins\/wp-postratings\/images\/tickcross\/rating_1_on.gif\" alt=\"Vote Down\" title=\"Vote Down\" onmouseover=\"current_rating(171, 1, 'Vote Down');\" onmouseout=\"ratings_off(1, 0, 0);\" onclick=\"rate_post();\" onkeypress=\"rate_post();\" style=\"cursor: pointer; border: 0px;\" \/><img decoding=\"async\" id=\"rating_171_2\" src=\"http:\/\/www.bautagebuch.kristin-und-sebastian.de\/wordpress\/wp-content\/plugins\/wp-postratings\/images\/tickcross\/rating_2_off.gif\" alt=\"Vote Up\" title=\"Vote Up\" onmouseover=\"current_rating(171, 2, 'Vote Up');\" onmouseout=\"ratings_off(1, 0, 0);\" onclick=\"rate_post();\" onkeypress=\"rate_post();\" style=\"cursor: pointer; border: 0px;\" \/> (<strong>+2<\/strong> rating, <strong>2<\/strong> votes)<br \/><span class=\"post-ratings-text\" id=\"ratings_171_text\"><\/span><\/span><span id=\"post-ratings-171-loading\" class=\"post-ratings-loading\"><img loading=\"lazy\" decoding=\"async\" src=\"http:\/\/www.bautagebuch.kristin-und-sebastian.de\/wordpress\/wp-content\/plugins\/wp-postratings\/images\/loading.gif\" width=\"16\" height=\"16\" class=\"post-ratings-image\" \/>Loading...<\/span>\n","protected":false},"excerpt":{"rendered":"<p>Die Planung eines Kamins ist eigentlich keine gro\u00dfe Sache. Der Schornstein inkl. aller \u00d6ffnungen und Anschl\u00fcsse wird von Team Massivhaus gebaut. Den Kaminofen gibt es als Aufstellvariante in 100 verschiedenen Designs fertig zu kaufen und der Anschluss w\u00fcrde vom Ofenbauer &hellip; <a href=\"http:\/\/www.bautagebuch.kristin-und-sebastian.de\/?p=171\">Weiterlesen <span class=\"meta-nav\">&rarr;<\/span><\/a><\/p>\n","protected":false},"author":3,"featured_media":0,"comment_status":"closed","ping_status":"closed","sticky":false,"template":"","format":"standard","meta":{"footnotes":""},"categories":[3],"tags":[],"class_list":["post-171","post","type-post","status-publish","format-standard","hentry","category-bautagebuch"],"aioseo_notices":[],"_links":{"self":[{"href":"http:\/\/www.bautagebuch.kristin-und-sebastian.de\/index.php?rest_route=\/wp\/v2\/posts\/171","targetHints":{"allow":["GET"]}}],"collection":[{"href":"http:\/\/www.bautagebuch.kristin-und-sebastian.de\/index.php?rest_route=\/wp\/v2\/posts"}],"about":[{"href":"http:\/\/www.bautagebuch.kristin-und-sebastian.de\/index.php?rest_route=\/wp\/v2\/types\/post"}],"author":[{"embeddable":true,"href":"http:\/\/www.bautagebuch.kristin-und-sebastian.de\/index.php?rest_route=\/wp\/v2\/users\/3"}],"replies":[{"embeddable":true,"href":"http:\/\/www.bautagebuch.kristin-und-sebastian.de\/index.php?rest_route=%2Fwp%2Fv2%2Fcomments&post=171"}],"version-history":[{"count":11,"href":"http:\/\/www.bautagebuch.kristin-und-sebastian.de\/index.php?rest_route=\/wp\/v2\/posts\/171\/revisions"}],"predecessor-version":[{"id":381,"href":"http:\/\/www.bautagebuch.kristin-und-sebastian.de\/index.php?rest_route=\/wp\/v2\/posts\/171\/revisions\/381"}],"wp:attachment":[{"href":"http:\/\/www.bautagebuch.kristin-und-sebastian.de\/index.php?rest_route=%2Fwp%2Fv2%2Fmedia&parent=171"}],"wp:term":[{"taxonomy":"category","embeddable":true,"href":"http:\/\/www.bautagebuch.kristin-und-sebastian.de\/index.php?rest_route=%2Fwp%2Fv2%2Fcategories&post=171"},{"taxonomy":"post_tag","embeddable":true,"href":"http:\/\/www.bautagebuch.kristin-und-sebastian.de\/index.php?rest_route=%2Fwp%2Fv2%2Ftags&post=171"}],"curies":[{"name":"wp","href":"https:\/\/api.w.org\/{rel}","templated":true}]}}