{"id":153,"date":"2013-10-23T18:00:25","date_gmt":"2013-10-23T17:00:25","guid":{"rendered":"http:\/\/www.bautagebuch.kristin-und-sebastian.de\/?p=153"},"modified":"2014-05-13T20:09:53","modified_gmt":"2014-05-13T19:09:53","slug":"kueche","status":"publish","type":"post","link":"http:\/\/www.bautagebuch.kristin-und-sebastian.de\/?p=153","title":{"rendered":"K\u00fcche"},"content":{"rendered":"<p>Bereits am 27. Juli 2013 haben wir uns K\u00fcchen angesehen. Unser erster Besuch war an diesem Tag bei &#8222;<strong>M\u00f6bel Kraft<\/strong>&#8220; in Bad Segeberg. Wir wollten einfach mal schauen, was uns gef\u00e4llt. Wir haben uns umgesehen und einige nette Funktionen und Accessoires fotografiert. Unter anderem auch diese Musterk\u00fcche.<\/p>\n<div id=\"attachment_155\" style=\"width: 594px\" class=\"wp-caption alignleft\"><a href=\"http:\/\/www.bautagebuch.kristin-und-sebastian.de\/wordpress\/wp-content\/uploads\/2014\/03\/2013-07-27-15.59.22.jpg\"><img loading=\"lazy\" decoding=\"async\" aria-describedby=\"caption-attachment-155\" class=\"size-large wp-image-155\" src=\"http:\/\/www.bautagebuch.kristin-und-sebastian.de\/wordpress\/wp-content\/uploads\/2014\/03\/2013-07-27-15.59.22-1024x768.jpg\" alt=\"Ausstellungsst\u00fcck M\u00f6bel Kraft Bad Segeberg\" width=\"584\" height=\"438\" srcset=\"http:\/\/www.bautagebuch.kristin-und-sebastian.de\/wordpress\/wp-content\/uploads\/2014\/03\/2013-07-27-15.59.22-1024x768.jpg 1024w, http:\/\/www.bautagebuch.kristin-und-sebastian.de\/wordpress\/wp-content\/uploads\/2014\/03\/2013-07-27-15.59.22-300x225.jpg 300w, http:\/\/www.bautagebuch.kristin-und-sebastian.de\/wordpress\/wp-content\/uploads\/2014\/03\/2013-07-27-15.59.22-400x300.jpg 400w\" sizes=\"auto, (max-width: 584px) 100vw, 584px\" \/><\/a><p id=\"caption-attachment-155\" class=\"wp-caption-text\">Ausstellungsst\u00fcck M\u00f6bel Kraft Bad Segeberg<\/p><\/div>\n<p>Um Farbe, Typ und Funktionen haben wir uns noch keine Gedanken gemacht. Wir wussten auch noch nicht, dass jeder K\u00fcchenhersteller f\u00fcr einen K\u00fcchentyp nur eine bestimmte Auswahl an Dekoren hat. Das ist manchmal echt wenig und mir v\u00f6llig unverst\u00e4ndlich.<\/p>\n<p>Mitte Oktober\u00a0waren wir dann mal bei &#8222;<strong>K\u00fcchenAktuell<\/strong>&#8220; in L\u00fcbeck, nur um zu schauen, was es hier so f\u00fcr K\u00fcchen gibt. Wir sind durch die Ausstellung gegangen und wussten auch gar nicht mehr, was wir uns vor mehr als zwei Monaten bei M\u00f6bel Kraft angeguckt hatten. Gefallen haben uns hier bei K\u00fcchenAktuell genau zwei Dekore. <em><strong>Samo Eiche Naturbraun<\/strong><\/em> und <em><strong>Chalet<\/strong> <strong>Eiche<\/strong><\/em>.<\/p>\n<div id=\"attachment_159\" style=\"width: 240px\" class=\"wp-caption alignleft\"><img loading=\"lazy\" decoding=\"async\" aria-describedby=\"caption-attachment-159\" class=\" wp-image-159  \" title=\"Dekor Sch\u00fcller Samo Eiche Naturbraun\" src=\"http:\/\/www.bautagebuch.kristin-und-sebastian.de\/wordpress\/wp-content\/uploads\/2014\/03\/Schueller-CRY-COUNTRY-CAMRY_b2.png-300x300.jpg\" alt=\"Dekor Sch\u00fcller Samo Eiche Naturbraun\" width=\"230\" height=\"300\" \/><p id=\"caption-attachment-159\" class=\"wp-caption-text\">Dekor Sch\u00fcller Samo Eiche Naturbraun<\/p><\/div>\n<div id=\"attachment_158\" style=\"width: 240px\" class=\"wp-caption alignleft\"><img loading=\"lazy\" decoding=\"async\" aria-describedby=\"caption-attachment-158\" class=\" wp-image-158  \" title=\"Dekor Nolte Chalet Eiche\" src=\"http:\/\/www.bautagebuch.kristin-und-sebastian.de\/wordpress\/wp-content\/uploads\/2014\/03\/Nolte-V16-VIENNA.png-300x300.jpg\" alt=\"Dekor Nolte Chalet Eiche\" width=\"230\" height=\"300\" \/><p id=\"caption-attachment-158\" class=\"wp-caption-text\">Dekor Nolte Chalet Eiche<\/p><\/div>\n<p>&nbsp;<\/p>\n<p>&nbsp;<\/p>\n<p>&nbsp;<\/p>\n<p>&nbsp;<\/p>\n<p>&nbsp;<\/p>\n<p>&nbsp;<\/p>\n<p>&nbsp;<\/p>\n<p>&nbsp;<\/p>\n<p>Beide Dekore sehen sehr \u00e4hnlich aus. So fiel die Auswahl nicht ganz so leicht. Aber letztendlich haben wir uns doch f\u00fcr Samo Eiche Naturbraun entschieden, da das Holz nicht so k\u00fcnstlich aussah. Wir haben uns dann bei K\u00fcchenAktuell eine K\u00fcche mit diesem Dekor zusammenstellen lassen. Der Hersteller <strong>Sch\u00fcller<\/strong> ergab sich mit dem ausgesuchten Dekor automatisch.<\/p>\n<p>Wir f\u00fchlten uns bei K\u00fcchenAktuell sehr gut beraten. Der Verk\u00e4ufer Herr Baumgart ging auf unsere W\u00fcnsche ein und gab uns eine Menge wertvoller Hinweise und Empfehlungen. Die K\u00fcche, die er uns nach seinen Empfehlungen und unseren Vorgaben zusammengestellt hat, war sofort perfekt. Er hat auf die Symetrie der Sch\u00e4chte geachtet, hat Glasschr\u00e4nke zum auflockern und einfache, aber gute Elektroger\u00e4te miteingebaut. F\u00fcr die Zusammenstellung unserer K\u00fcche haben wir zwei Abende je 90 Minuten ben\u00f6tigt.<\/p>\n<p>So besteht unsere K\u00fcche nun aus einem Herd (NEFF TT 4340N), einem Ofen (AEG BE4003001M), einer integrierten Dunstabzugshaube (Franke Flexa 60 FTC 612 XS) und einem Geschirrsp\u00fcler (Bauknecht GSIK 6518\/1 IN), den wir aber aus unserer alten K\u00fcche mitnehmen.<\/p>\n<p>Ein tolles Highlight, welches K\u00fcchenAktuell seinen Kunden bietet, ist das 3D Kino. Ein kleiner Raum mit Leinwand. Jeder bekommt eine 3D-Brille und kann sich so durch die zuk\u00fcnftige eigene K\u00fcche bewegen.<\/p>\n<p><img loading=\"lazy\" decoding=\"async\" class=\"alignleft  wp-image-154\" src=\"http:\/\/www.bautagebuch.kristin-und-sebastian.de\/wordpress\/wp-content\/uploads\/2014\/03\/k\u00fcche-1024x557.jpg\" alt=\"K\u00fcchen 3D Ansicht K\u00fcchenAktuell\" width=\"584\" height=\"317\" srcset=\"http:\/\/www.bautagebuch.kristin-und-sebastian.de\/wordpress\/wp-content\/uploads\/2014\/03\/k\u00fcche-1024x557.jpg 1024w, http:\/\/www.bautagebuch.kristin-und-sebastian.de\/wordpress\/wp-content\/uploads\/2014\/03\/k\u00fcche-300x163.jpg 300w, http:\/\/www.bautagebuch.kristin-und-sebastian.de\/wordpress\/wp-content\/uploads\/2014\/03\/k\u00fcche-500x272.jpg 500w, http:\/\/www.bautagebuch.kristin-und-sebastian.de\/wordpress\/wp-content\/uploads\/2014\/03\/k\u00fcche.jpg 1303w\" sizes=\"auto, (max-width: 584px) 100vw, 584px\" \/><\/p>\n<p><a href=\"http:\/\/www.bautagebuch.kristin-und-sebastian.de\/wordpress\/wp-content\/uploads\/2014\/03\/k\u00fcche2.jpg\"><img loading=\"lazy\" decoding=\"async\" class=\"alignleft size-large wp-image-160\" src=\"http:\/\/www.bautagebuch.kristin-und-sebastian.de\/wordpress\/wp-content\/uploads\/2014\/03\/k\u00fcche2-1024x629.jpg\" alt=\"K\u00fcche K\u00fcchen Aktuell Grundriss\" width=\"584\" height=\"358\" srcset=\"http:\/\/www.bautagebuch.kristin-und-sebastian.de\/wordpress\/wp-content\/uploads\/2014\/03\/k\u00fcche2-1024x629.jpg 1024w, http:\/\/www.bautagebuch.kristin-und-sebastian.de\/wordpress\/wp-content\/uploads\/2014\/03\/k\u00fcche2-300x184.jpg 300w, http:\/\/www.bautagebuch.kristin-und-sebastian.de\/wordpress\/wp-content\/uploads\/2014\/03\/k\u00fcche2-487x300.jpg 487w, http:\/\/www.bautagebuch.kristin-und-sebastian.de\/wordpress\/wp-content\/uploads\/2014\/03\/k\u00fcche2.jpg 1280w\" sizes=\"auto, (max-width: 584px) 100vw, 584px\" \/><\/a><\/p>\n<p>Nachdem wir ein erstes Angebot \u00fcber 7.800 Euro bekommen haben, wollten wir nochmal zu anderen K\u00fcchenstudios. Wir fuhren nochmal zu M\u00f6bel Kraft nach Bad Segeberg. Dort stellten wir fest, dass wir uns zuf\u00e4lligerweise bei K\u00fcchenAktuell das selbe Holzdekor ausgesucht hatten, welches uns schon 2 1\/2 Monate zuvor bei M\u00f6bel Kraft gefallen hatte. Danach gab es f\u00fcr uns auch keinen Zweifel mehr bei der Wahl des Dekors. Wir lie\u00dfen uns dann von einem Verk\u00e4ufer bei M\u00f6bel Kraft die K\u00fcche zusammenrechnen. Aber der Verk\u00e4ufer schien uns etwas lustlos. Keine Symetrie. Keine Beratung. Und die Auswahl der Schr\u00e4nke passte uns auch nicht zu 100%. Was aber noch viel schlimmer war, war der Preis. 11.500 Euro sollte die in etwa baugleiche K\u00fcche kosten. Das sind 3.700 Euro mehr als bei K\u00fcchenAktuell. Und \u00fcber einen Rabatt hatten wir bei K\u00fcchenAktuell noch gar nicht gesprochen. Der Verk\u00e4ufer bei M\u00f6bel Kraft war jedenfalls nicht bereit mit dem Preis nach unten zu gehen. Au\u00dferdem war er auch ein bisschen beleidigt, als er merkte, dass wir uns schon mal ein Angebot eingeholt haben. Wir empfanden den Preis jedenfalls als unversch\u00e4mt hoch f\u00fcr eine K\u00fcche mit dieser Ausstattung. OHNE K\u00fchlschrank und OHNE Geschirrsp\u00fcler!<\/p>\n<p>Andere K\u00fcchenstudios waren dann jedenfalls zu weit weg oder zu teuer. Wir machten dann den dritten Termin bei Herrn Baumgart von K\u00fcchenAktuell. Hier sprachen wir nun \u00fcber den Preis und die letzten kleinen \u00c4nderungen. Letztendlich landeten wir mit einem ordentlichen Rabatt von einigen 100 Euro bei einem Endpreis von 7.000 \u20ac inklusive Aufbau.<\/p>\n<p>So unterschrieben wir den Vertrag und verabschiedeten Herrn Baumgart mit breitem Grinsen auf dem Gesicht. \ud83d\ude00 \ud83d\ude00<\/p>\n<p>War dieser Beitrag eine hilfreiche Information f\u00fcr Dich?<br \/>\n<span id=\"post-ratings-153\" class=\"post-ratings\" data-nonce=\"9333142f67\"><img decoding=\"async\" id=\"rating_153_1\" src=\"http:\/\/www.bautagebuch.kristin-und-sebastian.de\/wordpress\/wp-content\/plugins\/wp-postratings\/images\/tickcross\/rating_1_on.gif\" alt=\"Vote Down\" title=\"Vote Down\" onmouseover=\"current_rating(153, 1, 'Vote Down');\" onmouseout=\"ratings_off(1, 0, 0);\" onclick=\"rate_post();\" onkeypress=\"rate_post();\" style=\"cursor: pointer; border: 0px;\" \/><img decoding=\"async\" id=\"rating_153_2\" src=\"http:\/\/www.bautagebuch.kristin-und-sebastian.de\/wordpress\/wp-content\/plugins\/wp-postratings\/images\/tickcross\/rating_2_off.gif\" alt=\"Vote Up\" title=\"Vote Up\" onmouseover=\"current_rating(153, 2, 'Vote Up');\" onmouseout=\"ratings_off(1, 0, 0);\" onclick=\"rate_post();\" onkeypress=\"rate_post();\" style=\"cursor: pointer; border: 0px;\" \/> (<strong>+2<\/strong> rating, <strong>2<\/strong> votes)<br \/><span class=\"post-ratings-text\" id=\"ratings_153_text\"><\/span><\/span><span id=\"post-ratings-153-loading\" class=\"post-ratings-loading\"><img loading=\"lazy\" decoding=\"async\" src=\"http:\/\/www.bautagebuch.kristin-und-sebastian.de\/wordpress\/wp-content\/plugins\/wp-postratings\/images\/loading.gif\" width=\"16\" height=\"16\" class=\"post-ratings-image\" \/>Loading...<\/span>\n","protected":false},"excerpt":{"rendered":"<p>Bereits am 27. Juli 2013 haben wir uns K\u00fcchen angesehen. Unser erster Besuch war an diesem Tag bei &#8222;M\u00f6bel Kraft&#8220; in Bad Segeberg. Wir wollten einfach mal schauen, was uns gef\u00e4llt. Wir haben uns umgesehen und einige nette Funktionen und &hellip; <a href=\"http:\/\/www.bautagebuch.kristin-und-sebastian.de\/?p=153\">Weiterlesen <span class=\"meta-nav\">&rarr;<\/span><\/a><\/p>\n","protected":false},"author":3,"featured_media":0,"comment_status":"closed","ping_status":"closed","sticky":false,"template":"","format":"standard","meta":{"footnotes":""},"categories":[3],"tags":[],"class_list":["post-153","post","type-post","status-publish","format-standard","hentry","category-bautagebuch"],"aioseo_notices":[],"_links":{"self":[{"href":"http:\/\/www.bautagebuch.kristin-und-sebastian.de\/index.php?rest_route=\/wp\/v2\/posts\/153","targetHints":{"allow":["GET"]}}],"collection":[{"href":"http:\/\/www.bautagebuch.kristin-und-sebastian.de\/index.php?rest_route=\/wp\/v2\/posts"}],"about":[{"href":"http:\/\/www.bautagebuch.kristin-und-sebastian.de\/index.php?rest_route=\/wp\/v2\/types\/post"}],"author":[{"embeddable":true,"href":"http:\/\/www.bautagebuch.kristin-und-sebastian.de\/index.php?rest_route=\/wp\/v2\/users\/3"}],"replies":[{"embeddable":true,"href":"http:\/\/www.bautagebuch.kristin-und-sebastian.de\/index.php?rest_route=%2Fwp%2Fv2%2Fcomments&post=153"}],"version-history":[{"count":9,"href":"http:\/\/www.bautagebuch.kristin-und-sebastian.de\/index.php?rest_route=\/wp\/v2\/posts\/153\/revisions"}],"predecessor-version":[{"id":380,"href":"http:\/\/www.bautagebuch.kristin-und-sebastian.de\/index.php?rest_route=\/wp\/v2\/posts\/153\/revisions\/380"}],"wp:attachment":[{"href":"http:\/\/www.bautagebuch.kristin-und-sebastian.de\/index.php?rest_route=%2Fwp%2Fv2%2Fmedia&parent=153"}],"wp:term":[{"taxonomy":"category","embeddable":true,"href":"http:\/\/www.bautagebuch.kristin-und-sebastian.de\/index.php?rest_route=%2Fwp%2Fv2%2Fcategories&post=153"},{"taxonomy":"post_tag","embeddable":true,"href":"http:\/\/www.bautagebuch.kristin-und-sebastian.de\/index.php?rest_route=%2Fwp%2Fv2%2Ftags&post=153"}],"curies":[{"name":"wp","href":"https:\/\/api.w.org\/{rel}","templated":true}]}}