{"id":133,"date":"2013-11-09T15:04:12","date_gmt":"2013-11-09T14:04:12","guid":{"rendered":"http:\/\/www.bautagebuch.kristin-und-sebastian.de\/?p=133"},"modified":"2014-03-22T21:50:17","modified_gmt":"2014-03-22T20:50:17","slug":"3-entwurfszeichnungen","status":"publish","type":"post","link":"http:\/\/www.bautagebuch.kristin-und-sebastian.de\/?p=133","title":{"rendered":"3. Entwurfszeichnungen"},"content":{"rendered":"<p>In der ersten Novemberwoche haben wir dann die 3. und hoffentlich letzte Ausfertigung der Entwurfszeichnungen bekommen. Hier waren keine wichtigen \u00c4nderungen mehr notwendig. Einzig die Sanit\u00e4robjekte im oberen Bad haben wir nochmal umgestellt. Aber das war mehr aus \u00e4sthetischen Gr\u00fcnden. Denn Waschbecken, Badewanne und Dusche sind sowieso Eigentleistungen.<\/p>\n<p>In der zweiten Dezemberwoche und leider viel zu sp\u00e4t haben wir die 3. Entwurfszeichnungen unterschrieben zur\u00fcckgesendet. Somit haben die Unterlagen ganze 5 Wochen bei uns unbearbeitet herum gelegen. Das war definitiv unn\u00f6tig!<\/p>\n","protected":false},"excerpt":{"rendered":"<p>In der ersten Novemberwoche haben wir dann die 3. und hoffentlich letzte Ausfertigung der Entwurfszeichnungen bekommen. Hier waren keine wichtigen \u00c4nderungen mehr notwendig. Einzig die Sanit\u00e4robjekte im oberen Bad haben wir nochmal umgestellt. Aber das war mehr aus \u00e4sthetischen Gr\u00fcnden. &hellip; <a href=\"http:\/\/www.bautagebuch.kristin-und-sebastian.de\/?p=133\">Weiterlesen <span class=\"meta-nav\">&rarr;<\/span><\/a><\/p>\n","protected":false},"author":3,"featured_media":0,"comment_status":"closed","ping_status":"closed","sticky":false,"template":"","format":"standard","meta":{"footnotes":""},"categories":[3],"tags":[],"class_list":["post-133","post","type-post","status-publish","format-standard","hentry","category-bautagebuch"],"aioseo_notices":[],"_links":{"self":[{"href":"http:\/\/www.bautagebuch.kristin-und-sebastian.de\/index.php?rest_route=\/wp\/v2\/posts\/133","targetHints":{"allow":["GET"]}}],"collection":[{"href":"http:\/\/www.bautagebuch.kristin-und-sebastian.de\/index.php?rest_route=\/wp\/v2\/posts"}],"about":[{"href":"http:\/\/www.bautagebuch.kristin-und-sebastian.de\/index.php?rest_route=\/wp\/v2\/types\/post"}],"author":[{"embeddable":true,"href":"http:\/\/www.bautagebuch.kristin-und-sebastian.de\/index.php?rest_route=\/wp\/v2\/users\/3"}],"replies":[{"embeddable":true,"href":"http:\/\/www.bautagebuch.kristin-und-sebastian.de\/index.php?rest_route=%2Fwp%2Fv2%2Fcomments&post=133"}],"version-history":[{"count":5,"href":"http:\/\/www.bautagebuch.kristin-und-sebastian.de\/index.php?rest_route=\/wp\/v2\/posts\/133\/revisions"}],"predecessor-version":[{"id":242,"href":"http:\/\/www.bautagebuch.kristin-und-sebastian.de\/index.php?rest_route=\/wp\/v2\/posts\/133\/revisions\/242"}],"wp:attachment":[{"href":"http:\/\/www.bautagebuch.kristin-und-sebastian.de\/index.php?rest_route=%2Fwp%2Fv2%2Fmedia&parent=133"}],"wp:term":[{"taxonomy":"category","embeddable":true,"href":"http:\/\/www.bautagebuch.kristin-und-sebastian.de\/index.php?rest_route=%2Fwp%2Fv2%2Fcategories&post=133"},{"taxonomy":"post_tag","embeddable":true,"href":"http:\/\/www.bautagebuch.kristin-und-sebastian.de\/index.php?rest_route=%2Fwp%2Fv2%2Ftags&post=133"}],"curies":[{"name":"wp","href":"https:\/\/api.w.org\/{rel}","templated":true}]}}