{"id":102,"date":"2013-07-31T14:37:50","date_gmt":"2013-07-31T13:37:50","guid":{"rendered":"http:\/\/www.bautagebuch.kristin-und-sebastian.de\/?p=102"},"modified":"2014-05-09T14:36:16","modified_gmt":"2014-05-09T13:36:16","slug":"auswahl-der-klinkers","status":"publish","type":"post","link":"http:\/\/www.bautagebuch.kristin-und-sebastian.de\/?p=102","title":{"rendered":"Auswahl der Verblendsteine"},"content":{"rendered":"<p>In der Zeit nach dem Bemusterungstermin (18.07.2013) bis zum 20. August 2013 waren wir auf der Suche nach dem perfekten Verblendstein f\u00fcr unser Haus. Wir wollten zwar einen Stein, den nicht jedes zweite Haus hat. Aber wir wollten auch in der Nachbarschaft nicht \u00fcberm\u00e4\u00dfig auffallen. Er sollte ein wenig rustikal aussehen. Min 2, Max. 3 Farbt\u00f6ne beiinhalten und zu einer zementgrauen Fuge passen, da diese ohne Aufpreis zu bekommen ist.<\/p>\n<p>In der Ausstellung von Team Massivhaus hingen einige Mustertafeln an den W\u00e4nden. Darunter gefielen uns <strong>Jever<\/strong> (als Standardauswahl). Mit diesem Verblendstein kann man aus unserer Sicht so gut wie nichts falsch machen, da er total neutral ist. <strong>Vandersanden Ariane und Azalea<\/strong>, sowie <strong>Wienerberger TERCA Cienna und Kastanie <\/strong>gefielen uns auch gut.<\/p>\n<div id=\"attachment_106\" style=\"width: 230px\" class=\"wp-caption alignleft\"><img loading=\"lazy\" decoding=\"async\" aria-describedby=\"caption-attachment-106\" class=\" wp-image-106    \" title=\"R\u00f6ben Jever (friesisch-bunt)\" src=\"http:\/\/www.bautagebuch.kristin-und-sebastian.de\/wordpress\/wp-content\/uploads\/2013\/07\/2013-07-18-16.10.33-300x225.jpg\" alt=\"R\u00f6ben Jever (friesisch-bunt)\" width=\"220\" height=\"165\" srcset=\"http:\/\/www.bautagebuch.kristin-und-sebastian.de\/wordpress\/wp-content\/uploads\/2013\/07\/2013-07-18-16.10.33-300x225.jpg 300w, http:\/\/www.bautagebuch.kristin-und-sebastian.de\/wordpress\/wp-content\/uploads\/2013\/07\/2013-07-18-16.10.33-1024x768.jpg 1024w, http:\/\/www.bautagebuch.kristin-und-sebastian.de\/wordpress\/wp-content\/uploads\/2013\/07\/2013-07-18-16.10.33-400x300.jpg 400w\" sizes=\"auto, (max-width: 220px) 100vw, 220px\" \/><p id=\"caption-attachment-106\" class=\"wp-caption-text\">R\u00f6ben Jever (friesisch-bunt)<\/p><\/div>\n<div id=\"attachment_104\" style=\"width: 230px\" class=\"wp-caption alignleft\"><img loading=\"lazy\" decoding=\"async\" aria-describedby=\"caption-attachment-104\" class=\"wp-image-104    \" title=\"Vandersanden 589. Ariane\" src=\"http:\/\/www.bautagebuch.kristin-und-sebastian.de\/wordpress\/wp-content\/uploads\/2013\/07\/ariane_zementgrau.jpg\" alt=\"Vandersanden 589. Ariane\" width=\"220\" height=\"165\" \/><p id=\"caption-attachment-104\" class=\"wp-caption-text\">Vandersanden 589. Ariane<\/p><\/div>\n<p>&nbsp;<\/p>\n<p>&nbsp;<\/p>\n<p>&nbsp;<\/p>\n<p>&nbsp;<\/p>\n<p>&nbsp;<\/p>\n<p>&nbsp;<\/p>\n<div id=\"attachment_108\" style=\"width: 230px\" class=\"wp-caption alignleft\"><img loading=\"lazy\" decoding=\"async\" aria-describedby=\"caption-attachment-108\" class=\" wp-image-108    \" title=\"Vandersanden 15. Azalea\" src=\"http:\/\/www.bautagebuch.kristin-und-sebastian.de\/wordpress\/wp-content\/uploads\/2013\/07\/2013-07-18-16.10.54-300x225.jpg\" alt=\"Vandersanden 15. Azalea\" width=\"220\" height=\"165\" srcset=\"http:\/\/www.bautagebuch.kristin-und-sebastian.de\/wordpress\/wp-content\/uploads\/2013\/07\/2013-07-18-16.10.54-300x225.jpg 300w, http:\/\/www.bautagebuch.kristin-und-sebastian.de\/wordpress\/wp-content\/uploads\/2013\/07\/2013-07-18-16.10.54-1024x768.jpg 1024w, http:\/\/www.bautagebuch.kristin-und-sebastian.de\/wordpress\/wp-content\/uploads\/2013\/07\/2013-07-18-16.10.54-400x300.jpg 400w\" sizes=\"auto, (max-width: 220px) 100vw, 220px\" \/><p id=\"caption-attachment-108\" class=\"wp-caption-text\">Vandersanden 15. Azalea<\/p><\/div>\n<div id=\"attachment_105\" style=\"width: 230px\" class=\"wp-caption alignleft\"><img loading=\"lazy\" decoding=\"async\" aria-describedby=\"caption-attachment-105\" class=\" wp-image-105  \" title=\"Wienerberger TERCA Cienna\" src=\"http:\/\/www.bautagebuch.kristin-und-sebastian.de\/wordpress\/wp-content\/uploads\/2013\/07\/2013-07-18-16.10.25-300x225.jpg\" alt=\"Wienerberger TERCA Cienna\" width=\"220\" height=\"165\" srcset=\"http:\/\/www.bautagebuch.kristin-und-sebastian.de\/wordpress\/wp-content\/uploads\/2013\/07\/2013-07-18-16.10.25-300x225.jpg 300w, http:\/\/www.bautagebuch.kristin-und-sebastian.de\/wordpress\/wp-content\/uploads\/2013\/07\/2013-07-18-16.10.25-1024x768.jpg 1024w, http:\/\/www.bautagebuch.kristin-und-sebastian.de\/wordpress\/wp-content\/uploads\/2013\/07\/2013-07-18-16.10.25-400x300.jpg 400w\" sizes=\"auto, (max-width: 220px) 100vw, 220px\" \/><p id=\"caption-attachment-105\" class=\"wp-caption-text\">Wienerberger TERCA Cienna (rotbunt, beige, anthrazit)<\/p><\/div>\n<p>&nbsp;<\/p>\n<p>&nbsp;<\/p>\n<p>&nbsp;<\/p>\n<p>&nbsp;<\/p>\n<p>&nbsp;<\/p>\n<p>&nbsp;<\/p>\n<div id=\"attachment_107\" style=\"width: 230px\" class=\"wp-caption alignleft\"><img loading=\"lazy\" decoding=\"async\" aria-describedby=\"caption-attachment-107\" class=\" wp-image-107  \" title=\"Wienerberger TERCA Kastanie\" src=\"http:\/\/www.bautagebuch.kristin-und-sebastian.de\/wordpress\/wp-content\/uploads\/2013\/07\/2013-07-18-16.10.43-300x225.jpg\" alt=\"Wienerberger TERCA Kastanie\" width=\"220\" height=\"165\" srcset=\"http:\/\/www.bautagebuch.kristin-und-sebastian.de\/wordpress\/wp-content\/uploads\/2013\/07\/2013-07-18-16.10.43-300x225.jpg 300w, http:\/\/www.bautagebuch.kristin-und-sebastian.de\/wordpress\/wp-content\/uploads\/2013\/07\/2013-07-18-16.10.43-1024x768.jpg 1024w, http:\/\/www.bautagebuch.kristin-und-sebastian.de\/wordpress\/wp-content\/uploads\/2013\/07\/2013-07-18-16.10.43-400x300.jpg 400w\" sizes=\"auto, (max-width: 220px) 100vw, 220px\" \/><p id=\"caption-attachment-107\" class=\"wp-caption-text\">Wienerberger TERCA Kastanie (braunrot, bunt)<\/p><\/div>\n<p>&nbsp;<\/p>\n<p>&nbsp;<\/p>\n<p>&nbsp;<\/p>\n<p>&nbsp;<\/p>\n<p>&nbsp;<\/p>\n<p>&nbsp;<\/p>\n<p>Wir waren uns beim Bemusterungstermin \u00fcberhaupt nicht einig, welchen Verblendstein wir nun nehmen sollen. Alle unterscheiden sich nur minimal voneinander. Und wir wussten auch noch nicht, wie diese Verblendsteine an einem ganzen Haus aussehen. Wir wollten hier noch keine Entscheidung treffen. Wir hatten f\u00fcr den Fall, dass wir uns gar nicht entscheiden k\u00f6nnen, erstmal den Jever (friesisch-bunt) von R\u00f6ben auf die Bemusterungsliste eingetragen. Da wir uns nicht entscheiden konnten, haben wir von Herrn Kn\u00fcpfer eine Liste mit Anschriften bekommen, an denen H\u00e4user von Team Massivhaus gebaut wurden. Sortiert war die Liste nach Verblendsteinen.<\/p>\n<p>Am n\u00e4chsten Tag (19.07.2013) haben wir uns im Internet auf der Homepage von Wienerberger, Vandersanden und R\u00f6ben nach Verblendsteinen umgesehen. Leider gibt es dort wenig oder nur schlecht aufgenomme Fotos von ganzen H\u00e4usern, sodass man sich kaum ein Bild machen konnte. Eine Suche unter &#8222;Google&#8220; f\u00fchrte leider auch nicht zu befriedigenden Ergebnissen. Unsere Auswahl an Verblendsteinen haben wir nun auch schon stark eingeschr\u00e4nkt. Als Alternative blieb immernoch <strong>Jever<\/strong> von der Firma R\u00f6ben, sowie <strong>Alexia<\/strong> und <strong>Sella<\/strong> von Vandersanden. Wie ihr seht, ist von der eigentlichen Auswahlliste nur noch ein Stein \u00fcbrig geblieben (Jever). So schnell kann&#8217;s gehen! \ud83d\ude42<\/p>\n<p>Daraufhin haben wir Vandersanden angeschrieben und nach weiteren Informationen \u00fcber die beiden Verblendsteine gebeten. Vandersanden nannte uns einen H\u00e4ndler vor Ort und schickte uns per Post eine Liste mit H\u00e4usern in unserer Umgebung, die in unserem Wunschklinker verblendet wurden. Au\u00dferdem bekamen wir noch einen Katalog und Musterbl\u00e4tter. Das hatte uns erstmal total begeistert. Auf die Begeisterung folgte die Ern\u00fcchterung als wir uns auf den Weg zu den H\u00e4usern machten. 1\/3 der Adressen gab es gar nicht, 1\/3 war falsch geschrieben und 1\/3 waren nicht in dem angegebenen Verblendstein gemauert. Das hatte total genervt und uns unn\u00f6tig Zeit und Spritkosten geraubt. Au\u00dferdem hatte es uns ein wenig verunsichert, da wir nicht sicher sein konnten, ob das nun auch der Stein ist, der auf der Liste stand.<\/p>\n<p>Bei einem Haus in Ratzeburg haben wir jedoch zuf\u00e4llig den Eigent\u00fcmer angetroffen. Da es sich auch um eine Baustelle handelte, war das nicht so einfach. Wir konnten uns so versichern, dass es sich um den Verblendstein <strong>Alexia 587<\/strong> von <strong>Vandersanden<\/strong> handelt. Au\u00dferdem stand es auf der Plane, der vor dem Haus \u00fcbrig gebliebenen Verblendsteine. \ud83d\ude09<\/p>\n<p>Die Fugenfarbe ist bei diesem Haus jedoch nicht zementgrau, sondern beige-wei\u00df.<\/p>\n<div id=\"attachment_114\" style=\"width: 594px\" class=\"wp-caption alignnone\"><a href=\"http:\/\/www.bautagebuch.kristin-und-sebastian.de\/wordpress\/wp-content\/uploads\/2013\/07\/SAM_4619.jpg\"><img loading=\"lazy\" decoding=\"async\" aria-describedby=\"caption-attachment-114\" class=\"wp-image-114 \" title=\"Vandersanden 587. Alexia\" src=\"http:\/\/www.bautagebuch.kristin-und-sebastian.de\/wordpress\/wp-content\/uploads\/2013\/07\/SAM_4619-1024x681.jpg\" alt=\"Vandersanden 587. Alexia\" width=\"584\" height=\"388\" srcset=\"http:\/\/www.bautagebuch.kristin-und-sebastian.de\/wordpress\/wp-content\/uploads\/2013\/07\/SAM_4619-1024x681.jpg 1024w, http:\/\/www.bautagebuch.kristin-und-sebastian.de\/wordpress\/wp-content\/uploads\/2013\/07\/SAM_4619-300x199.jpg 300w, http:\/\/www.bautagebuch.kristin-und-sebastian.de\/wordpress\/wp-content\/uploads\/2013\/07\/SAM_4619-450x300.jpg 450w\" sizes=\"auto, (max-width: 584px) 100vw, 584px\" \/><\/a><p id=\"caption-attachment-114\" class=\"wp-caption-text\">Vandersanden 587. Alexia (rot, hellrot)<\/p><\/div>\n<p>Ein weiteres, noch im Bau befindliches Haus, mit dem Verblendstein Sella 62 und zementgrauer Fugenfarbe haben wir in der N\u00e4he von Neum\u00fcnster gefunden.<\/p>\n<div id=\"attachment_115\" style=\"width: 594px\" class=\"wp-caption alignleft\"><a href=\"http:\/\/www.bautagebuch.kristin-und-sebastian.de\/wordpress\/wp-content\/uploads\/2013\/07\/2013-08-17-11.21.26.jpg\"><img loading=\"lazy\" decoding=\"async\" aria-describedby=\"caption-attachment-115\" class=\" wp-image-115  \" title=\"Vandersanden 62. Sella\" src=\"http:\/\/www.bautagebuch.kristin-und-sebastian.de\/wordpress\/wp-content\/uploads\/2013\/07\/2013-08-17-11.21.26-1024x768.jpg\" alt=\"Vandersanden 62. Sella\" width=\"584\" height=\"438\" srcset=\"http:\/\/www.bautagebuch.kristin-und-sebastian.de\/wordpress\/wp-content\/uploads\/2013\/07\/2013-08-17-11.21.26-1024x768.jpg 1024w, http:\/\/www.bautagebuch.kristin-und-sebastian.de\/wordpress\/wp-content\/uploads\/2013\/07\/2013-08-17-11.21.26-300x225.jpg 300w, http:\/\/www.bautagebuch.kristin-und-sebastian.de\/wordpress\/wp-content\/uploads\/2013\/07\/2013-08-17-11.21.26-400x300.jpg 400w\" sizes=\"auto, (max-width: 584px) 100vw, 584px\" \/><\/a><p id=\"caption-attachment-115\" class=\"wp-caption-text\"><br \/>Vandersanden 62. Sella (dunkelbraun mit hellen und dunklen Nuancen)<\/p><\/div>\n<p>&nbsp;<\/p>\n<div id=\"attachment_117\" style=\"width: 594px\" class=\"wp-caption alignleft\"><a href=\"http:\/\/www.bautagebuch.kristin-und-sebastian.de\/wordpress\/wp-content\/uploads\/2013\/07\/2013-08-17-11.17.49.jpg\"><img loading=\"lazy\" decoding=\"async\" aria-describedby=\"caption-attachment-117\" class=\" wp-image-117 \" title=\"Giebelansicht - Fugenfarbe: zementgrau\" src=\"http:\/\/www.bautagebuch.kristin-und-sebastian.de\/wordpress\/wp-content\/uploads\/2013\/07\/2013-08-17-11.17.49-1024x768.jpg\" alt=\"Giebelansicht - Fugenfarbe: zementgrau\" width=\"584\" height=\"438\" srcset=\"http:\/\/www.bautagebuch.kristin-und-sebastian.de\/wordpress\/wp-content\/uploads\/2013\/07\/2013-08-17-11.17.49-1024x768.jpg 1024w, http:\/\/www.bautagebuch.kristin-und-sebastian.de\/wordpress\/wp-content\/uploads\/2013\/07\/2013-08-17-11.17.49-300x225.jpg 300w, http:\/\/www.bautagebuch.kristin-und-sebastian.de\/wordpress\/wp-content\/uploads\/2013\/07\/2013-08-17-11.17.49-400x300.jpg 400w\" sizes=\"auto, (max-width: 584px) 100vw, 584px\" \/><\/a><p id=\"caption-attachment-117\" class=\"wp-caption-text\">Giebelansicht &#8211; Fugenfarbe: zementgrau<\/p><\/div>\n<p>Auch bei dem Haus auf diesen beiden folgenden Bildern (aus dem Internet) soll es sich um den Verblendstein Sella 62 von Vandersanden handeln.<\/p>\n<div id=\"attachment_118\" style=\"width: 230px\" class=\"wp-caption alignleft\"><a href=\"http:\/\/www.bautagebuch.kristin-und-sebastian.de\/wordpress\/wp-content\/uploads\/2013\/07\/cache_2436036897.jpg\"><img loading=\"lazy\" decoding=\"async\" aria-describedby=\"caption-attachment-118\" class=\" wp-image-118 \" title=\"Vandersanden 62. Sella (Ansicht Hausecke)\" src=\"http:\/\/www.bautagebuch.kristin-und-sebastian.de\/wordpress\/wp-content\/uploads\/2013\/07\/cache_2436036897.jpg\" alt=\"Vandersanden 62. Sella (Ansicht Hausecke)\" width=\"220\" height=\"165\" srcset=\"http:\/\/www.bautagebuch.kristin-und-sebastian.de\/wordpress\/wp-content\/uploads\/2013\/07\/cache_2436036897.jpg 800w, http:\/\/www.bautagebuch.kristin-und-sebastian.de\/wordpress\/wp-content\/uploads\/2013\/07\/cache_2436036897-300x225.jpg 300w, http:\/\/www.bautagebuch.kristin-und-sebastian.de\/wordpress\/wp-content\/uploads\/2013\/07\/cache_2436036897-400x300.jpg 400w\" sizes=\"auto, (max-width: 220px) 100vw, 220px\" \/><\/a><p id=\"caption-attachment-118\" class=\"wp-caption-text\">Vandersanden 62. Sella (Ansicht Hausecke)<\/p><\/div>\n<div id=\"attachment_119\" style=\"width: 230px\" class=\"wp-caption alignleft\"><a href=\"http:\/\/www.bautagebuch.kristin-und-sebastian.de\/wordpress\/wp-content\/uploads\/2013\/07\/cache_2436036899.jpg\"><img loading=\"lazy\" decoding=\"async\" aria-describedby=\"caption-attachment-119\" class=\" wp-image-119 \" title=\"Vandersanden 62. Sella (Ansicht Haust\u00fcr)\" src=\"http:\/\/www.bautagebuch.kristin-und-sebastian.de\/wordpress\/wp-content\/uploads\/2013\/07\/cache_2436036899-300x225.jpg\" alt=\"Vandersanden 62. Sella (Ansicht Haust\u00fcr)\" width=\"220\" height=\"165\" srcset=\"http:\/\/www.bautagebuch.kristin-und-sebastian.de\/wordpress\/wp-content\/uploads\/2013\/07\/cache_2436036899-300x225.jpg 300w, http:\/\/www.bautagebuch.kristin-und-sebastian.de\/wordpress\/wp-content\/uploads\/2013\/07\/cache_2436036899-400x300.jpg 400w, http:\/\/www.bautagebuch.kristin-und-sebastian.de\/wordpress\/wp-content\/uploads\/2013\/07\/cache_2436036899.jpg 800w\" sizes=\"auto, (max-width: 220px) 100vw, 220px\" \/><\/a><p id=\"caption-attachment-119\" class=\"wp-caption-text\">Vandersanden 62. Sella (Ansicht Haust\u00fcr)<\/p><\/div>\n<p>&nbsp;<\/p>\n<p>&nbsp;<\/p>\n<p>&nbsp;<\/p>\n<p>&nbsp;<\/p>\n<p>&nbsp;<\/p>\n<p>&nbsp;<\/p>\n<p>Die folgenden Verblendsteine haben uns zwar auch gefallen. Aber leider wussten wir nicht genau, welcher das ist, da sie nicht so aussahen wie die Mustervorgaben im Internet. Von weiteren Recherchen haben wir uns aber verabschiedet, da die beiden Verblendsteine nicht unsere erste Wahl waren.<\/p>\n<div id=\"attachment_121\" style=\"width: 230px\" class=\"wp-caption alignleft\"><a href=\"http:\/\/www.bautagebuch.kristin-und-sebastian.de\/wordpress\/wp-content\/uploads\/2013\/07\/SAM_4608.jpg\"><img loading=\"lazy\" decoding=\"async\" aria-describedby=\"caption-attachment-121\" class=\" wp-image-121 \" src=\"http:\/\/www.bautagebuch.kristin-und-sebastian.de\/wordpress\/wp-content\/uploads\/2013\/07\/SAM_4608-300x199.jpg\" alt=\"Unbekannter Klinker (angegeben war Sella)\" width=\"220\" height=\"165\" \/><\/a><p id=\"caption-attachment-121\" class=\"wp-caption-text\">Unbekannter Klinker (angegeben war Sella)<\/p><\/div>\n<div id=\"attachment_123\" style=\"width: 230px\" class=\"wp-caption alignleft\"><a href=\"http:\/\/www.bautagebuch.kristin-und-sebastian.de\/wordpress\/wp-content\/uploads\/2013\/07\/SAM_4605.jpg\"><img loading=\"lazy\" decoding=\"async\" aria-describedby=\"caption-attachment-123\" class=\" wp-image-123 \" src=\"http:\/\/www.bautagebuch.kristin-und-sebastian.de\/wordpress\/wp-content\/uploads\/2013\/07\/SAM_4605-300x199.jpg\" alt=\"Unbekannter Klinker (angegeben war Alexia)\" width=\"220\" height=\"165\" \/><\/a><p id=\"caption-attachment-123\" class=\"wp-caption-text\">Unbekannter Klinker (angegeben war Alexia)<\/p><\/div>\n<div id=\"attachment_122\" style=\"width: 230px\" class=\"wp-caption alignleft\"><a href=\"http:\/\/www.bautagebuch.kristin-und-sebastian.de\/wordpress\/wp-content\/uploads\/2013\/07\/SAM_4604.jpg\"><img loading=\"lazy\" decoding=\"async\" aria-describedby=\"caption-attachment-122\" class=\" wp-image-122 \" src=\"http:\/\/www.bautagebuch.kristin-und-sebastian.de\/wordpress\/wp-content\/uploads\/2013\/07\/SAM_4604-300x199.jpg\" alt=\"Unbekannter Klinker (angegeben war Alexia)\" width=\"220\" height=\"165\" \/><\/a><p id=\"caption-attachment-122\" class=\"wp-caption-text\">Unbekannter Klinker (angegeben war Alexia)<\/p><\/div>\n<p>&nbsp;<\/p>\n<p>&nbsp;<\/p>\n<p>&nbsp;<\/p>\n<p>&nbsp;<\/p>\n<p>&nbsp;<\/p>\n<p>&nbsp;<\/p>\n<p>&nbsp;<\/p>\n<p>&nbsp;<\/p>\n<p>&nbsp;<\/p>\n<p>&nbsp;<\/p>\n<p>&nbsp;<\/p>\n<p>&nbsp;<\/p>\n<p><span style=\"text-decoration: underline\"><strong>R\u00e9sum\u00e9:<\/strong><\/span><\/p>\n<p>Die Verblendsteine auf den Austellungsst\u00fccken bei Team Massivhaus sahen zwar gut aus. Aber aufgrund mangelnder Musterh\u00e4user und der fehlenden M\u00f6glichkeit, die Verblendsteine von Wienerberger auch als Riemchen f\u00fcr unsere Garage zu bekommen, haben wir uns damit nicht weiter besch\u00e4ftigt.<\/p>\n<p>Der Verblendstein Vandersanden 62 Sella sah zwar &#8222;besonders&#8220; aus. Da der Stein aber 5 verschiedene Farben beinhaltet, war er uns zu bunt. Wir waren auch der Meinung, dass die zementgraue Fugenfarbe nicht zu einem so dunklen und bunten Stein passt. Eine hellere Fugenfarbe w\u00fcrde wahrscheinlich die Unruhe aus dem Stein nehmen.<\/p>\n<p>Der Verblendstein <strong>Vandersanden 587 Alexia<\/strong> hatte uns auf Anhieb w\u00e4hrend der ersten Internetrecherche gefallen. Er ist r\u00f6tlich, aber auch nicht so rot wie ein alter Backstein. Der Farbkontrast unter den einzelnen Steinen ist nicht so hoch, dass es unruhig und auff\u00e4llig wirkt. Au\u00dferdem sieht er optisch etwas rustikal aus. Der Stein gefiel uns jedoch auf den Mustertafeln mit der dunklen Fuge nicht so gut. Wei\u00df wollten wir aber nicht, da Wei\u00df wahrscheinlich irgendwann durch Pollen und Staub schmutzig aussieht. Deshalb haben wir uns am 20. August 2013 f\u00fcr den Stein <span style=\"text-decoration: underline\"><strong>Alexia 587. mit der Fugenfarbe beige-wei\u00df<\/strong><\/span> entschieden. So wie es auch auf dem oberen Bild mit dem Friesenhaus aussieht.<\/p>\n<p><strong>Bemerkung<\/strong><\/p>\n<p>Wir haben nach unseren vielen Touren durch Norddeutschland auf der Suche nach einem f\u00fcr uns perfekten Verblendstein festgestellt, dass die Fugenfarbe sehr entscheidend ist. Dunkle Fugen betonen den Kontrast des Steins. Wenn also ein Verblendmauerwerk sehr bunt ist und eine dunkle Fuge hat, wirkt das ganze Haus sehr auff\u00e4llig. Bei Ein- bis Zweifarbigen Verblendsteinen beruhigt eine dunkle Fuge wiederum das Mauerwerk. Bei sehr hellen Verblendsteinen (wei\u00df, beige, eventuell hellgrau) beruhigt eine helle Fuge ebenfalls das Mauerwerk. Der fehlende Kontrast wirkt aber in diesem Fall recht fad. Eine dunklere Fuge bringt bei hellen Verblendsteinen etwas Leben rein.<\/p>\n<p>War dieser Beitrag eine hilfreiche Information f\u00fcr Dich?<br \/>\n<span id=\"post-ratings-102\" class=\"post-ratings\" data-nonce=\"4d0d1b9e54\"><img decoding=\"async\" id=\"rating_102_1\" src=\"http:\/\/www.bautagebuch.kristin-und-sebastian.de\/wordpress\/wp-content\/plugins\/wp-postratings\/images\/tickcross\/rating_1_on.gif\" alt=\"Vote Down\" title=\"Vote Down\" onmouseover=\"current_rating(102, 1, 'Vote Down');\" onmouseout=\"ratings_off(1, 0, 0);\" onclick=\"rate_post();\" onkeypress=\"rate_post();\" style=\"cursor: pointer; border: 0px;\" \/><img decoding=\"async\" id=\"rating_102_2\" src=\"http:\/\/www.bautagebuch.kristin-und-sebastian.de\/wordpress\/wp-content\/plugins\/wp-postratings\/images\/tickcross\/rating_2_off.gif\" alt=\"Vote Up\" title=\"Vote Up\" onmouseover=\"current_rating(102, 2, 'Vote Up');\" onmouseout=\"ratings_off(1, 0, 0);\" onclick=\"rate_post();\" onkeypress=\"rate_post();\" style=\"cursor: pointer; border: 0px;\" \/> (<strong>+42<\/strong> rating, <strong>42<\/strong> votes)<br \/><span class=\"post-ratings-text\" id=\"ratings_102_text\"><\/span><\/span><span id=\"post-ratings-102-loading\" class=\"post-ratings-loading\"><img loading=\"lazy\" decoding=\"async\" src=\"http:\/\/www.bautagebuch.kristin-und-sebastian.de\/wordpress\/wp-content\/plugins\/wp-postratings\/images\/loading.gif\" width=\"16\" height=\"16\" class=\"post-ratings-image\" \/>Loading...<\/span>\n","protected":false},"excerpt":{"rendered":"<p>In der Zeit nach dem Bemusterungstermin (18.07.2013) bis zum 20. August 2013 waren wir auf der Suche nach dem perfekten Verblendstein f\u00fcr unser Haus. Wir wollten zwar einen Stein, den nicht jedes zweite Haus hat. Aber wir wollten auch in &hellip; <a href=\"http:\/\/www.bautagebuch.kristin-und-sebastian.de\/?p=102\">Weiterlesen <span class=\"meta-nav\">&rarr;<\/span><\/a><\/p>\n","protected":false},"author":3,"featured_media":0,"comment_status":"closed","ping_status":"open","sticky":false,"template":"","format":"standard","meta":{"footnotes":""},"categories":[3],"tags":[],"class_list":["post-102","post","type-post","status-publish","format-standard","hentry","category-bautagebuch"],"aioseo_notices":[],"_links":{"self":[{"href":"http:\/\/www.bautagebuch.kristin-und-sebastian.de\/index.php?rest_route=\/wp\/v2\/posts\/102","targetHints":{"allow":["GET"]}}],"collection":[{"href":"http:\/\/www.bautagebuch.kristin-und-sebastian.de\/index.php?rest_route=\/wp\/v2\/posts"}],"about":[{"href":"http:\/\/www.bautagebuch.kristin-und-sebastian.de\/index.php?rest_route=\/wp\/v2\/types\/post"}],"author":[{"embeddable":true,"href":"http:\/\/www.bautagebuch.kristin-und-sebastian.de\/index.php?rest_route=\/wp\/v2\/users\/3"}],"replies":[{"embeddable":true,"href":"http:\/\/www.bautagebuch.kristin-und-sebastian.de\/index.php?rest_route=%2Fwp%2Fv2%2Fcomments&post=102"}],"version-history":[{"count":17,"href":"http:\/\/www.bautagebuch.kristin-und-sebastian.de\/index.php?rest_route=\/wp\/v2\/posts\/102\/revisions"}],"predecessor-version":[{"id":885,"href":"http:\/\/www.bautagebuch.kristin-und-sebastian.de\/index.php?rest_route=\/wp\/v2\/posts\/102\/revisions\/885"}],"wp:attachment":[{"href":"http:\/\/www.bautagebuch.kristin-und-sebastian.de\/index.php?rest_route=%2Fwp%2Fv2%2Fmedia&parent=102"}],"wp:term":[{"taxonomy":"category","embeddable":true,"href":"http:\/\/www.bautagebuch.kristin-und-sebastian.de\/index.php?rest_route=%2Fwp%2Fv2%2Fcategories&post=102"},{"taxonomy":"post_tag","embeddable":true,"href":"http:\/\/www.bautagebuch.kristin-und-sebastian.de\/index.php?rest_route=%2Fwp%2Fv2%2Ftags&post=102"}],"curies":[{"name":"wp","href":"https:\/\/api.w.org\/{rel}","templated":true}]}}